{"id":1033,"date":"2014-11-23T13:09:05","date_gmt":"2014-11-23T12:09:05","guid":{"rendered":"https:\/\/www.nepelius.com\/?p=1033"},"modified":"2015-08-04T22:35:16","modified_gmt":"2015-08-04T20:35:16","slug":"callas-art-affair-2014","status":"publish","type":"post","link":"https:\/\/www.nepelius.com\/en\/callas-art-affair-2014\/","title":{"rendered":"<!--:de-->callas art-affair 2014<!--:--><!--:en-->callas art-affair 2014<!--:-->"},"content":{"rendered":"<p><!--:de--><a href=\"https:\/\/www.nepelius.com\/wp-content\/uploads\/2014\/11\/546f43ed9d5c3.png\"><img loading=\"lazy\" decoding=\"async\" class=\"alignleft size-medium wp-image-1034\" src=\"https:\/\/www.nepelius.com\/wp-content\/uploads\/2014\/11\/546f43ed9d5c3-127x250.png\" alt=\"art-affair 2014\" width=\"127\" height=\"250\" srcset=\"https:\/\/www.nepelius.com\/wp-content\/uploads\/2014\/11\/546f43ed9d5c3-127x250.png 127w, https:\/\/www.nepelius.com\/wp-content\/uploads\/2014\/11\/546f43ed9d5c3-153x300.png 153w, https:\/\/www.nepelius.com\/wp-content\/uploads\/2014\/11\/546f43ed9d5c3-305x600.png 305w, https:\/\/www.nepelius.com\/wp-content\/uploads\/2014\/11\/546f43ed9d5c3-6x12.png 6w, https:\/\/www.nepelius.com\/wp-content\/uploads\/2014\/11\/546f43ed9d5c3.png 407w\" sizes=\"auto, (max-width: 127px) 100vw, 127px\" \/><\/a>Bereits zum zweiten Mal im heurigen Jahr werden Arbeiten von mir in Bremen (D) zu sehen sein. Ich freue mich sehr, neben 11 tollen KollegInnen an der callas art-affair 2014 teilnehmen zu d\u00fcrfen.<\/p>\n<p>Dies ist die zweite art-affair seit Bestehen von <a title=\"Webseite callas-bremen\" href=\"http:\/\/callas-bremen.de\" target=\"_blank\">callas-bremen. e.V.<\/a>, sie beschlie\u00dft das erste erfolgreiche Jahr des neu gegr\u00fcndeten und sehr engagierten Vereins in Bremen. Im &#8220;Haus der phantastischen Kunst&#8221; fanden heuer 7 Ausstellungen mit 25 K\u00fcnstlern aus 3 L\u00e4ndern statt. Herzliche Gratulation zum einj\u00e4hrigen Jubil\u00e4um \u2013 alles Gute und viel Erfolg f\u00fcr weitere phantastische Jahre!<\/p>\n<p><strong>Opening:<\/strong> 6. Dezember 2014, 20:00 Uhr<br \/>\n<strong>Duration:<\/strong> 6. Dezember 2014 bis 25. Januar 2015<!--:--><!--:en--><\/p>\n<p><p><a href=\"https:\/\/www.nepelius.com\/wp-content\/uploads\/2014\/11\/546f43ed9d5c3.png\"><img loading=\"lazy\" decoding=\"async\" class=\"alignleft size-medium wp-image-1034\" src=\"https:\/\/www.nepelius.com\/wp-content\/uploads\/2014\/11\/546f43ed9d5c3-127x250.png\" alt=\"art-affair 2014\" width=\"127\" height=\"250\" srcset=\"https:\/\/www.nepelius.com\/wp-content\/uploads\/2014\/11\/546f43ed9d5c3-127x250.png 127w, https:\/\/www.nepelius.com\/wp-content\/uploads\/2014\/11\/546f43ed9d5c3-153x300.png 153w, https:\/\/www.nepelius.com\/wp-content\/uploads\/2014\/11\/546f43ed9d5c3-305x600.png 305w, https:\/\/www.nepelius.com\/wp-content\/uploads\/2014\/11\/546f43ed9d5c3-6x12.png 6w, https:\/\/www.nepelius.com\/wp-content\/uploads\/2014\/11\/546f43ed9d5c3.png 407w\" sizes=\"auto, (max-width: 127px) 100vw, 127px\" \/><\/a><\/p>\n<p>For the second time this year my paintings will be shown in Bremen (GER). I\u00b4m honored to be part of the callas art-affair 2014 beside 11 amazing fellow artists.<\/p>\n<p>This is the second art-affair since <a title=\"Webseite callas-bremen\" href=\"http:\/\/callas-bremen.de\" target=\"_blank\">callas-bremen. e.V. <\/a>exists, it finishes the first successful year of the newly foundet and very committed association in Bremen. This year there were 7 exhibitions with 25 participating artists from 3 countries in the &#8220;house of phantastic art&#8221;. Affectionate congratulations on the annual anniversary &#8211; all the best and much success for further phantastic years!<\/p>\n<p><strong>Opening:<\/strong> 6th Dec 2014, 8.00 pm<br \/>\n<strong>Duration:<\/strong> 6th Dec 2014 \u2013 25th Jan 2015<\/p>\n<p>&nbsp;<\/p>\n<\/p>\n<p><!--:--><\/p>","protected":false},"excerpt":{"rendered":"<p>Bereits zum zweiten Mal im heurigen Jahr werden Arbeiten von mir in Bremen (D) zu sehen sein. Ich freue mich sehr, neben 11 tollen KollegInnen an der callas art-affair 2014 teilnehmen zu d\u00fcrfen. Dies ist die zweite art-affair seit Bestehen von callas-bremen. e.V., sie beschlie\u00dft das erste erfolgreiche Jahr des neu gegr\u00fcndeten und sehr engagierten [&hellip;]<\/p>\n","protected":false},"author":2,"featured_media":1034,"comment_status":"open","ping_status":"closed","sticky":false,"template":"","format":"standard","meta":{"zakra_page_container_layout":"customizer","zakra_page_sidebar_layout":"customizer","zakra_remove_content_margin":false,"zakra_sidebar":"customizer","zakra_transparent_header":"customizer","zakra_logo":0,"zakra_main_header_style":"default","zakra_menu_item_color":"","zakra_menu_item_hover_color":"","zakra_menu_item_active_color":"","zakra_menu_active_style":"","zakra_page_header":true,"footnotes":""},"categories":[1],"tags":[118,117,103,116,91],"class_list":["post-1033","post","type-post","status-publish","format-standard","has-post-thumbnail","hentry","category-aktuelles","tag-art-affair-2014","tag-ausstellung","tag-bremen","tag-callas-bremen-e-v","tag-deutschland"],"yoast_head":"<!-- This site is optimized with the Yoast SEO plugin v27.4 - https:\/\/yoast.com\/product\/yoast-seo-wordpress\/ -->\n<title>callas art-affair 2014callas art-affair 2014 - Sigrid Nepelius<\/title>\n<meta name=\"robots\" content=\"index, follow, max-snippet:-1, max-image-preview:large, max-video-preview:-1\" \/>\n<link rel=\"canonical\" href=\"https:\/\/www.nepelius.com\/en\/callas-art-affair-2014\/\" \/>\n<meta property=\"og:locale\" content=\"en_GB\" \/>\n<meta property=\"og:type\" content=\"article\" \/>\n<meta property=\"og:title\" content=\"callas art-affair 2014callas art-affair 2014 - Sigrid Nepelius\" \/>\n<meta property=\"og:description\" content=\"Bereits zum zweiten Mal im heurigen Jahr werden Arbeiten von mir in Bremen (D) zu sehen sein. Ich freue mich sehr, neben 11 tollen KollegInnen an der callas art-affair 2014 teilnehmen zu d\u00fcrfen. Dies ist die zweite art-affair seit Bestehen von callas-bremen. e.V., sie beschlie\u00dft das erste erfolgreiche Jahr des neu gegr\u00fcndeten und sehr engagierten [&hellip;]\" \/>\n<meta property=\"og:url\" content=\"https:\/\/www.nepelius.com\/en\/callas-art-affair-2014\/\" \/>\n<meta property=\"og:site_name\" content=\"Sigrid Nepelius\" \/>\n<meta property=\"article:publisher\" content=\"https:\/\/www.facebook.com\/sigrid.nepelius.art\" \/>\n<meta property=\"article:author\" content=\"https:\/\/www.facebook.com\/sigrid.nepelius.art\" \/>\n<meta property=\"article:published_time\" content=\"2014-11-23T12:09:05+00:00\" \/>\n<meta property=\"article:modified_time\" content=\"2015-08-04T20:35:16+00:00\" \/>\n<meta property=\"og:image\" content=\"https:\/\/www.nepelius.com\/wp-content\/uploads\/2014\/11\/546f43ed9d5c3.png\" \/>\n\t<meta property=\"og:image:width\" content=\"407\" \/>\n\t<meta property=\"og:image:height\" content=\"800\" \/>\n\t<meta property=\"og:image:type\" content=\"image\/png\" \/>\n<meta name=\"author\" content=\"Sigrid\" \/>\n<meta name=\"twitter:card\" content=\"summary_large_image\" \/>\n<meta name=\"twitter:label1\" content=\"Written by\" \/>\n\t<meta name=\"twitter:data1\" content=\"Sigrid\" \/>\n\t<meta name=\"twitter:label2\" content=\"Estimated reading time\" \/>\n\t<meta name=\"twitter:data2\" content=\"1 minute\" \/>\n<script type=\"application\/ld+json\" class=\"yoast-schema-graph\">{\"@context\":\"https:\\\/\\\/schema.org\",\"@graph\":[{\"@type\":\"Article\",\"@id\":\"https:\\\/\\\/www.nepelius.com\\\/callas-art-affair-2014\\\/#article\",\"isPartOf\":{\"@id\":\"https:\\\/\\\/www.nepelius.com\\\/callas-art-affair-2014\\\/\"},\"author\":{\"name\":\"Sigrid\",\"@id\":\"https:\\\/\\\/www.nepelius.com\\\/#\\\/schema\\\/person\\\/fb48383c87e305a8d2bbad4aef3524eb\"},\"headline\":\"callas art-affair 2014callas art-affair 2014\",\"datePublished\":\"2014-11-23T12:09:05+00:00\",\"dateModified\":\"2015-08-04T20:35:16+00:00\",\"mainEntityOfPage\":{\"@id\":\"https:\\\/\\\/www.nepelius.com\\\/callas-art-affair-2014\\\/\"},\"wordCount\":200,\"commentCount\":0,\"publisher\":{\"@id\":\"https:\\\/\\\/www.nepelius.com\\\/#\\\/schema\\\/person\\\/fb48383c87e305a8d2bbad4aef3524eb\"},\"image\":{\"@id\":\"https:\\\/\\\/www.nepelius.com\\\/callas-art-affair-2014\\\/#primaryimage\"},\"thumbnailUrl\":\"https:\\\/\\\/www.nepelius.com\\\/wp-content\\\/uploads\\\/2014\\\/11\\\/546f43ed9d5c3.png\",\"keywords\":[\"art-affair 2014\",\"Ausstellung\",\"Bremen\",\"callas-bremen e.V.\",\"Deutschland\"],\"articleSection\":[\"Aktuelles\"],\"inLanguage\":\"en-GB\",\"potentialAction\":[{\"@type\":\"CommentAction\",\"name\":\"Comment\",\"target\":[\"https:\\\/\\\/www.nepelius.com\\\/callas-art-affair-2014\\\/#respond\"]}]},{\"@type\":\"WebPage\",\"@id\":\"https:\\\/\\\/www.nepelius.com\\\/callas-art-affair-2014\\\/\",\"url\":\"https:\\\/\\\/www.nepelius.com\\\/callas-art-affair-2014\\\/\",\"name\":\"callas art-affair 2014callas art-affair 2014 - Sigrid Nepelius\",\"isPartOf\":{\"@id\":\"https:\\\/\\\/www.nepelius.com\\\/#website\"},\"primaryImageOfPage\":{\"@id\":\"https:\\\/\\\/www.nepelius.com\\\/callas-art-affair-2014\\\/#primaryimage\"},\"image\":{\"@id\":\"https:\\\/\\\/www.nepelius.com\\\/callas-art-affair-2014\\\/#primaryimage\"},\"thumbnailUrl\":\"https:\\\/\\\/www.nepelius.com\\\/wp-content\\\/uploads\\\/2014\\\/11\\\/546f43ed9d5c3.png\",\"datePublished\":\"2014-11-23T12:09:05+00:00\",\"dateModified\":\"2015-08-04T20:35:16+00:00\",\"breadcrumb\":{\"@id\":\"https:\\\/\\\/www.nepelius.com\\\/callas-art-affair-2014\\\/#breadcrumb\"},\"inLanguage\":\"en-GB\",\"potentialAction\":[{\"@type\":\"ReadAction\",\"target\":[\"https:\\\/\\\/www.nepelius.com\\\/callas-art-affair-2014\\\/\"]}]},{\"@type\":\"ImageObject\",\"inLanguage\":\"en-GB\",\"@id\":\"https:\\\/\\\/www.nepelius.com\\\/callas-art-affair-2014\\\/#primaryimage\",\"url\":\"https:\\\/\\\/www.nepelius.com\\\/wp-content\\\/uploads\\\/2014\\\/11\\\/546f43ed9d5c3.png\",\"contentUrl\":\"https:\\\/\\\/www.nepelius.com\\\/wp-content\\\/uploads\\\/2014\\\/11\\\/546f43ed9d5c3.png\",\"width\":407,\"height\":800},{\"@type\":\"BreadcrumbList\",\"@id\":\"https:\\\/\\\/www.nepelius.com\\\/callas-art-affair-2014\\\/#breadcrumb\",\"itemListElement\":[{\"@type\":\"ListItem\",\"position\":1,\"name\":\"Startseite\",\"item\":\"https:\\\/\\\/www.nepelius.com\\\/\"},{\"@type\":\"ListItem\",\"position\":2,\"name\":\"callas art-affair 2014callas art-affair 2014\"}]},{\"@type\":\"WebSite\",\"@id\":\"https:\\\/\\\/www.nepelius.com\\\/#website\",\"url\":\"https:\\\/\\\/www.nepelius.com\\\/\",\"name\":\"Sigrid Nepelius\",\"description\":\"Fine Art\",\"publisher\":{\"@id\":\"https:\\\/\\\/www.nepelius.com\\\/#\\\/schema\\\/person\\\/fb48383c87e305a8d2bbad4aef3524eb\"},\"potentialAction\":[{\"@type\":\"SearchAction\",\"target\":{\"@type\":\"EntryPoint\",\"urlTemplate\":\"https:\\\/\\\/www.nepelius.com\\\/?s={search_term_string}\"},\"query-input\":{\"@type\":\"PropertyValueSpecification\",\"valueRequired\":true,\"valueName\":\"search_term_string\"}}],\"inLanguage\":\"en-GB\"},{\"@type\":[\"Person\",\"Organization\"],\"@id\":\"https:\\\/\\\/www.nepelius.com\\\/#\\\/schema\\\/person\\\/fb48383c87e305a8d2bbad4aef3524eb\",\"name\":\"Sigrid\",\"image\":{\"@type\":\"ImageObject\",\"inLanguage\":\"en-GB\",\"@id\":\"https:\\\/\\\/www.nepelius.com\\\/wp-content\\\/uploads\\\/cropped-header_neu-1.jpg\",\"url\":\"https:\\\/\\\/www.nepelius.com\\\/wp-content\\\/uploads\\\/cropped-header_neu-1.jpg\",\"contentUrl\":\"https:\\\/\\\/www.nepelius.com\\\/wp-content\\\/uploads\\\/cropped-header_neu-1.jpg\",\"width\":1500,\"height\":224,\"caption\":\"Sigrid\"},\"logo\":{\"@id\":\"https:\\\/\\\/www.nepelius.com\\\/wp-content\\\/uploads\\\/cropped-header_neu-1.jpg\"},\"sameAs\":[\"https:\\\/\\\/www.facebook.com\\\/sigrid.nepelius.art\",\"https:\\\/\\\/www.instagram.com\\\/sigridnepeliusart\\\/\",\"https:\\\/\\\/www.pinterest.at\\\/sigridnepelius\\\/\"],\"url\":\"https:\\\/\\\/www.nepelius.com\\\/en\\\/author\\\/sigi\\\/\"}]}<\/script>\n<!-- \/ Yoast SEO plugin. -->","yoast_head_json":{"title":"callas art-affair 2014callas art-affair 2014 - Sigrid Nepelius","robots":{"index":"index","follow":"follow","max-snippet":"max-snippet:-1","max-image-preview":"max-image-preview:large","max-video-preview":"max-video-preview:-1"},"canonical":"https:\/\/www.nepelius.com\/en\/callas-art-affair-2014\/","og_locale":"en_GB","og_type":"article","og_title":"callas art-affair 2014callas art-affair 2014 - Sigrid Nepelius","og_description":"Bereits zum zweiten Mal im heurigen Jahr werden Arbeiten von mir in Bremen (D) zu sehen sein. Ich freue mich sehr, neben 11 tollen KollegInnen an der callas art-affair 2014 teilnehmen zu d\u00fcrfen. Dies ist die zweite art-affair seit Bestehen von callas-bremen. e.V., sie beschlie\u00dft das erste erfolgreiche Jahr des neu gegr\u00fcndeten und sehr engagierten [&hellip;]","og_url":"https:\/\/www.nepelius.com\/en\/callas-art-affair-2014\/","og_site_name":"Sigrid Nepelius","article_publisher":"https:\/\/www.facebook.com\/sigrid.nepelius.art","article_author":"https:\/\/www.facebook.com\/sigrid.nepelius.art","article_published_time":"2014-11-23T12:09:05+00:00","article_modified_time":"2015-08-04T20:35:16+00:00","og_image":[{"width":407,"height":800,"url":"https:\/\/www.nepelius.com\/wp-content\/uploads\/2014\/11\/546f43ed9d5c3.png","type":"image\/png"}],"author":"Sigrid","twitter_card":"summary_large_image","twitter_misc":{"Written by":"Sigrid","Estimated reading time":"1 minute"},"schema":{"@context":"https:\/\/schema.org","@graph":[{"@type":"Article","@id":"https:\/\/www.nepelius.com\/callas-art-affair-2014\/#article","isPartOf":{"@id":"https:\/\/www.nepelius.com\/callas-art-affair-2014\/"},"author":{"name":"Sigrid","@id":"https:\/\/www.nepelius.com\/#\/schema\/person\/fb48383c87e305a8d2bbad4aef3524eb"},"headline":"callas art-affair 2014callas art-affair 2014","datePublished":"2014-11-23T12:09:05+00:00","dateModified":"2015-08-04T20:35:16+00:00","mainEntityOfPage":{"@id":"https:\/\/www.nepelius.com\/callas-art-affair-2014\/"},"wordCount":200,"commentCount":0,"publisher":{"@id":"https:\/\/www.nepelius.com\/#\/schema\/person\/fb48383c87e305a8d2bbad4aef3524eb"},"image":{"@id":"https:\/\/www.nepelius.com\/callas-art-affair-2014\/#primaryimage"},"thumbnailUrl":"https:\/\/www.nepelius.com\/wp-content\/uploads\/2014\/11\/546f43ed9d5c3.png","keywords":["art-affair 2014","Ausstellung","Bremen","callas-bremen e.V.","Deutschland"],"articleSection":["Aktuelles"],"inLanguage":"en-GB","potentialAction":[{"@type":"CommentAction","name":"Comment","target":["https:\/\/www.nepelius.com\/callas-art-affair-2014\/#respond"]}]},{"@type":"WebPage","@id":"https:\/\/www.nepelius.com\/callas-art-affair-2014\/","url":"https:\/\/www.nepelius.com\/callas-art-affair-2014\/","name":"callas art-affair 2014callas art-affair 2014 - Sigrid Nepelius","isPartOf":{"@id":"https:\/\/www.nepelius.com\/#website"},"primaryImageOfPage":{"@id":"https:\/\/www.nepelius.com\/callas-art-affair-2014\/#primaryimage"},"image":{"@id":"https:\/\/www.nepelius.com\/callas-art-affair-2014\/#primaryimage"},"thumbnailUrl":"https:\/\/www.nepelius.com\/wp-content\/uploads\/2014\/11\/546f43ed9d5c3.png","datePublished":"2014-11-23T12:09:05+00:00","dateModified":"2015-08-04T20:35:16+00:00","breadcrumb":{"@id":"https:\/\/www.nepelius.com\/callas-art-affair-2014\/#breadcrumb"},"inLanguage":"en-GB","potentialAction":[{"@type":"ReadAction","target":["https:\/\/www.nepelius.com\/callas-art-affair-2014\/"]}]},{"@type":"ImageObject","inLanguage":"en-GB","@id":"https:\/\/www.nepelius.com\/callas-art-affair-2014\/#primaryimage","url":"https:\/\/www.nepelius.com\/wp-content\/uploads\/2014\/11\/546f43ed9d5c3.png","contentUrl":"https:\/\/www.nepelius.com\/wp-content\/uploads\/2014\/11\/546f43ed9d5c3.png","width":407,"height":800},{"@type":"BreadcrumbList","@id":"https:\/\/www.nepelius.com\/callas-art-affair-2014\/#breadcrumb","itemListElement":[{"@type":"ListItem","position":1,"name":"Startseite","item":"https:\/\/www.nepelius.com\/"},{"@type":"ListItem","position":2,"name":"callas art-affair 2014callas art-affair 2014"}]},{"@type":"WebSite","@id":"https:\/\/www.nepelius.com\/#website","url":"https:\/\/www.nepelius.com\/","name":"Sigrid Nepelius","description":"Fine Art","publisher":{"@id":"https:\/\/www.nepelius.com\/#\/schema\/person\/fb48383c87e305a8d2bbad4aef3524eb"},"potentialAction":[{"@type":"SearchAction","target":{"@type":"EntryPoint","urlTemplate":"https:\/\/www.nepelius.com\/?s={search_term_string}"},"query-input":{"@type":"PropertyValueSpecification","valueRequired":true,"valueName":"search_term_string"}}],"inLanguage":"en-GB"},{"@type":["Person","Organization"],"@id":"https:\/\/www.nepelius.com\/#\/schema\/person\/fb48383c87e305a8d2bbad4aef3524eb","name":"Sigrid","image":{"@type":"ImageObject","inLanguage":"en-GB","@id":"https:\/\/www.nepelius.com\/wp-content\/uploads\/cropped-header_neu-1.jpg","url":"https:\/\/www.nepelius.com\/wp-content\/uploads\/cropped-header_neu-1.jpg","contentUrl":"https:\/\/www.nepelius.com\/wp-content\/uploads\/cropped-header_neu-1.jpg","width":1500,"height":224,"caption":"Sigrid"},"logo":{"@id":"https:\/\/www.nepelius.com\/wp-content\/uploads\/cropped-header_neu-1.jpg"},"sameAs":["https:\/\/www.facebook.com\/sigrid.nepelius.art","https:\/\/www.instagram.com\/sigridnepeliusart\/","https:\/\/www.pinterest.at\/sigridnepelius\/"],"url":"https:\/\/www.nepelius.com\/en\/author\/sigi\/"}]}},"_links":{"self":[{"href":"https:\/\/www.nepelius.com\/en\/wp-json\/wp\/v2\/posts\/1033","targetHints":{"allow":["GET"]}}],"collection":[{"href":"https:\/\/www.nepelius.com\/en\/wp-json\/wp\/v2\/posts"}],"about":[{"href":"https:\/\/www.nepelius.com\/en\/wp-json\/wp\/v2\/types\/post"}],"author":[{"embeddable":true,"href":"https:\/\/www.nepelius.com\/en\/wp-json\/wp\/v2\/users\/2"}],"replies":[{"embeddable":true,"href":"https:\/\/www.nepelius.com\/en\/wp-json\/wp\/v2\/comments?post=1033"}],"version-history":[{"count":5,"href":"https:\/\/www.nepelius.com\/en\/wp-json\/wp\/v2\/posts\/1033\/revisions"}],"predecessor-version":[{"id":1039,"href":"https:\/\/www.nepelius.com\/en\/wp-json\/wp\/v2\/posts\/1033\/revisions\/1039"}],"wp:featuredmedia":[{"embeddable":true,"href":"https:\/\/www.nepelius.com\/en\/wp-json\/wp\/v2\/media\/1034"}],"wp:attachment":[{"href":"https:\/\/www.nepelius.com\/en\/wp-json\/wp\/v2\/media?parent=1033"}],"wp:term":[{"taxonomy":"category","embeddable":true,"href":"https:\/\/www.nepelius.com\/en\/wp-json\/wp\/v2\/categories?post=1033"},{"taxonomy":"post_tag","embeddable":true,"href":"https:\/\/www.nepelius.com\/en\/wp-json\/wp\/v2\/tags?post=1033"}],"curies":[{"name":"wp","href":"https:\/\/api.w.org\/{rel}","templated":true}]}}