{"id":1139,"date":"2015-10-23T11:38:18","date_gmt":"2015-10-23T09:38:18","guid":{"rendered":"https:\/\/www.nepelius.com\/?p=1139"},"modified":"2015-10-23T11:42:25","modified_gmt":"2015-10-23T09:42:25","slug":"labyrinth-der-wirklichkeiten","status":"publish","type":"post","link":"https:\/\/www.nepelius.com\/en\/labyrinth-der-wirklichkeiten\/","title":{"rendered":"[:de]Labyrinth der Wirklichkeiten[:en]Labyrinth of realities[:]"},"content":{"rendered":"<p>[:de]<a href=\"https:\/\/www.nepelius.com\/wp-content\/uploads\/2015\/10\/Bildschirmfoto-2015-10-23-um-11.16.03.png\"><img loading=\"lazy\" decoding=\"async\" class=\"alignleft size-medium wp-image-1141\" src=\"https:\/\/www.nepelius.com\/wp-content\/uploads\/2015\/10\/Bildschirmfoto-2015-10-23-um-11.16.03-250x247.png\" alt=\"Bildschirmfoto 2015-10-23 um 11.16.03\" width=\"250\" height=\"247\" srcset=\"https:\/\/www.nepelius.com\/wp-content\/uploads\/2015\/10\/Bildschirmfoto-2015-10-23-um-11.16.03-250x247.png 250w, https:\/\/www.nepelius.com\/wp-content\/uploads\/2015\/10\/Bildschirmfoto-2015-10-23-um-11.16.03-300x296.png 300w, https:\/\/www.nepelius.com\/wp-content\/uploads\/2015\/10\/Bildschirmfoto-2015-10-23-um-11.16.03-12x12.png 12w, https:\/\/www.nepelius.com\/wp-content\/uploads\/2015\/10\/Bildschirmfoto-2015-10-23-um-11.16.03-100x100.png 100w, https:\/\/www.nepelius.com\/wp-content\/uploads\/2015\/10\/Bildschirmfoto-2015-10-23-um-11.16.03-50x50.png 50w, https:\/\/www.nepelius.com\/wp-content\/uploads\/2015\/10\/Bildschirmfoto-2015-10-23-um-11.16.03.png 577w\" sizes=\"auto, (max-width: 250px) 100vw, 250px\" \/><\/a>Mit &#8220;Labyrinth der Wirklichkeiten&#8221; starten Christine Hirschberg und ich eine gemeinschaftlich organisierte Ausstellungsserie. Ich freue mich sehr auf diese Premiere, bei\u00a0 der auch Arbeiten von mir zu sehen sein werden.<\/p>\n<p><span style=\"text-decoration: underline;\">Der Pressetext zum Weiterleiten und Verbreiten:<\/span><\/p>\n<p><span style=\"font-size: large;\"><b>Linz wird zum \u201eLabyrinth der Wirklichkeiten\u201c<\/b><\/span><\/p>\n<p><b>Gro\u00dfe Ausstellung im \u201eo\u00f6 kulturquartier\u201d zeigt Hochkar\u00e4tiges aus dem Bereich der Phantastischen Kunst<\/b><\/p>\n<p>F\u00fcr Liebhaber der gegenst\u00e4ndlichen Kunst bietet der November und Dezember einen ganz besonderen Leckerbissen: In der Galerie der Dr. Ernst Koref-Stiftung im \u201eo\u00f6 kulturquartier\u201e (Ursulinenhof) werden Arbeiten von international erfolgreichen K\u00fcnstlern aus \u00d6sterreich und dem angrenzenden Deutschland gezeigt, die alle dem Genre der Phantastischen Kunst zugeordnet sind. Den Besucher erwartet eine Ausstellung, die sowohl vom handwerklichen K\u00f6nnen als auch von der Imagination der K\u00fcnstler her sprachlos machen und beeindrucken wird.<\/p>\n<p>Die Initiatorinnen und Kuratorinnen Christine Hirschberg (K\u00fcnstlerin, Pr\u00e4sidentin Europ\u00e4ischer Kunstkreis) und Sigrid Nepelius (K\u00fcnstlerin, Webmagazin Phantastisch.at) hatten im Vorjahr die Idee zu einer Serie von Ausstellungen, um dieser vom Mainstream ignorierten aber bei Besuchern sehr beliebten Kunstrichtung auch in \u00d6sterreich eine Plattform zu bieten. Mit \u201eLabyrinth der Wirklichkeiten\u201c wird diese vorerst alle zwei Jahre geplante Ausstellungsreihe ihren Startschuss feiern.<\/p>\n<p>\u201eIn Deutschland gibt es mit der PhanArt in Viechtach, der art-imagin\u00e4r in der Pfalz und callas-Bremen e.V. in Norddeutschland schon drei Initiativen, die von den Besuchern sehr gut angenommen werden. Nun m\u00f6chten wir auch in \u00d6sterreich etwas \u00c4hnliches etablieren und zeigen, wie vielschichtig, spannend und technisch brilliant die Arbeiten der Phantastischen Realisten sind\u201c, erkl\u00e4rt Sigrid Nepelius und Christine Hirschberg erg\u00e4nzt: \u201eDurch unsere guten Kontakte in der Szene ist es uns gelungen, einige der besten K\u00fcnstler aus \u00d6sterreich und dem benachbarten deutschen Raum nach Linz zu holen. Und wir freuen uns, dass wir die Dr. Ernst Koref-Stiftung als Partner gewinnen konnten \u2013 eine perfekte Location f\u00fcr derart hochkar\u00e4tige Kunst!\u201c. Der Ausstellungstitel bezieht sich darauf, dass die K\u00fcnstler in ihren Arbeiten ihre ganz pers\u00f6nlichen Wirklichkeiten darstellen und der Betrachter sich quasi in diesem \u201eLabyrinth der Wirklichkeiten\u201c wiederfindet. Allerdings muss er daraus nicht entkommen, sondern kann sich ganz auf die unterschiedlichen phantastischen Welten einlassen, sie staunend entdecken und darin eintauchen.<\/p>\n<p><u>Teilnehmende K\u00fcnstler und K\u00fcnstlerinnen:<\/u> <span style=\"font-size: medium;\">Baumgartner Kathrina Sofie (D), Calvus Jehan (A), Eggert Ulf (D), Gugg Gabriele (A), Hanzl Julia (A), Heckmann Philipp (A), Hirschberg Christine (A), Huber Georg (D), Hutter Peter (D), Karlhuber Hanno (A), Krumland J\u00f6rg (D), Maschka Michael (D), Nepelius Sigrid (A), Oscity Martin-Georg (D), Pecha Silvia (A), Rapp Otto (A), Richter Jolanda (A), Steinbacher Susanne (A), Strutzenberger Christian (A), Unterweissacher Peter (A) und Vargas Ricardo (A).<\/span><\/p>\n<p>Die Vernissage findet am 24. 11. 2015 um 19:00 Uhr statt. Zu den Werken spricht \u2013 im Interview mit den Organisatorinnen der Ausstellung \u2013 <span style=\"color: #000000;\"><span style=\"font-family: Times New Roman,serif;\"><span style=\"font-size: medium;\">die Pr\u00e4sidentin der Dr. Ernst Koref-Stiftung, Prof. Gertrude Haider-Gr\u00fcnwald, die als Kulturjournalistin und Autorin seit vier Jahrzehnten in der ober\u00f6sterreichischen Kunstszene bekannt ist.<\/span><\/span><\/span> \u201eLabyrinth der Wirklichkeiten\u201c ist bis einschlie\u00dflich 18. Dezember, jeweils von Dienstag bis Freitag von 16:00 bis 19:00 Uhr ge\u00f6ffnet.<\/p>\n<p><a href=\"https:\/\/www.nepelius.com\/wp-content\/uploads\/2015\/10\/karten_labyrinth_2015web.pdf\" target=\"_blank\">Einladung als Pdf (230 kb)<\/a>[:en]<a href=\"https:\/\/www.nepelius.com\/wp-content\/uploads\/2015\/10\/Bildschirmfoto-2015-10-23-um-11.16.03.png\"><img loading=\"lazy\" decoding=\"async\" class=\"alignleft size-medium wp-image-1141\" src=\"https:\/\/www.nepelius.com\/wp-content\/uploads\/2015\/10\/Bildschirmfoto-2015-10-23-um-11.16.03-250x247.png\" alt=\"Bildschirmfoto 2015-10-23 um 11.16.03\" width=\"250\" height=\"247\" srcset=\"https:\/\/www.nepelius.com\/wp-content\/uploads\/2015\/10\/Bildschirmfoto-2015-10-23-um-11.16.03-250x247.png 250w, https:\/\/www.nepelius.com\/wp-content\/uploads\/2015\/10\/Bildschirmfoto-2015-10-23-um-11.16.03-300x296.png 300w, https:\/\/www.nepelius.com\/wp-content\/uploads\/2015\/10\/Bildschirmfoto-2015-10-23-um-11.16.03-12x12.png 12w, https:\/\/www.nepelius.com\/wp-content\/uploads\/2015\/10\/Bildschirmfoto-2015-10-23-um-11.16.03-100x100.png 100w, https:\/\/www.nepelius.com\/wp-content\/uploads\/2015\/10\/Bildschirmfoto-2015-10-23-um-11.16.03-50x50.png 50w, https:\/\/www.nepelius.com\/wp-content\/uploads\/2015\/10\/Bildschirmfoto-2015-10-23-um-11.16.03.png 577w\" sizes=\"auto, (max-width: 250px) 100vw, 250px\" \/><\/a>With &#8220;Labyrinth of Realities&#8221; Christine Hirschberg and I launch a collaborative arranged series of exhibitions. I\u00b4m very much looking forward to this premiere, where also some of my works will be shown.<\/p>\n<p><span style=\"text-decoration: underline;\">German press release for sharing and spreading:<\/span><\/p>\n<p><span style=\"font-size: large;\"><b>Linz wird zum \u201eLabyrinth der Wirklichkeiten\u201c<\/b><\/span><\/p>\n<p><b>Gro\u00dfe Ausstellung im \u201eo\u00f6 kulturquartier\u201d zeigt Hochkar\u00e4tiges aus dem Bereich der Phantastischen Kunst<\/b><\/p>\n<p>F\u00fcr Liebhaber der gegenst\u00e4ndlichen Kunst bietet der November und Dezember einen ganz besonderen Leckerbissen: In der Galerie der Dr. Ernst Koref-Stiftung im \u201eo\u00f6 kulturquartier\u201e (Ursulinenhof) werden Arbeiten von international erfolgreichen K\u00fcnstlern aus \u00d6sterreich und dem angrenzenden Deutschland gezeigt, die alle dem Genre der Phantastischen Kunst zugeordnet sind. Den Besucher erwartet eine Ausstellung, die sowohl vom handwerklichen K\u00f6nnen als auch von der Imagination der K\u00fcnstler her sprachlos machen und beeindrucken wird.<\/p>\n<p>Die Initiatorinnen und Kuratorinnen Christine Hirschberg (K\u00fcnstlerin, Pr\u00e4sidentin Europ\u00e4ischer Kunstkreis) und Sigrid Nepelius (K\u00fcnstlerin, Webmagazin Phantastisch.at) hatten im Vorjahr die Idee zu einer Serie von Ausstellungen, um dieser vom Mainstream ignorierten aber bei Besuchern sehr beliebten Kunstrichtung auch in \u00d6sterreich eine Plattform zu bieten. Mit \u201eLabyrinth der Wirklichkeiten\u201c wird diese vorerst alle zwei Jahre geplante Ausstellungsreihe ihren Startschuss feiern.<\/p>\n<p>\u201eIn Deutschland gibt es mit der PhanArt in Viechtach, der art-imagin\u00e4r in der Pfalz und callas-Bremen e.V. in Norddeutschland schon drei Initiativen, die von den Besuchern sehr gut angenommen werden. Nun m\u00f6chten wir auch in \u00d6sterreich etwas \u00c4hnliches etablieren und zeigen, wie vielschichtig, spannend und technisch brilliant die Arbeiten der Phantastischen Realisten sind\u201c, erkl\u00e4rt Sigrid Nepelius und Christine Hirschberg erg\u00e4nzt: \u201eDurch unsere guten Kontakte in der Szene ist es uns gelungen, einige der besten K\u00fcnstler aus \u00d6sterreich und dem benachbarten deutschen Raum nach Linz zu holen. Und wir freuen uns, dass wir die Dr. Ernst Koref-Stiftung als Partner gewinnen konnten \u2013 eine perfekte Location f\u00fcr derart hochkar\u00e4tige Kunst!\u201c. Der Ausstellungstitel bezieht sich darauf, dass die K\u00fcnstler in ihren Arbeiten ihre ganz pers\u00f6nlichen Wirklichkeiten darstellen und der Betrachter sich quasi in diesem \u201eLabyrinth der Wirklichkeiten\u201c wiederfindet. Allerdings muss er daraus nicht entkommen, sondern kann sich ganz auf die unterschiedlichen phantastischen Welten einlassen, sie staunend entdecken und darin eintauchen.<\/p>\n<p><u>Teilnehmende K\u00fcnstler und K\u00fcnstlerinnen:<\/u> <span style=\"font-size: medium;\">Baumgartner Kathrina Sofie (D), Calvus Jehan (A), Eggert Ulf (D), Gugg Gabriele (A), Hanzl Julia (A), Heckmann Philipp (A), Hirschberg Christine (A), Huber Georg (D), Hutter Peter (D), Karlhuber Hanno (A), Krumland J\u00f6rg (D), Maschka Michael (D), Nepelius Sigrid (A), Oscity Martin-Georg (D), Pecha Silvia (A), Rapp Otto (A), Richter Jolanda (A), Steinbacher Susanne (A), Strutzenberger Christian (A), Unterweissacher Peter (A) und Vargas Ricardo (A).<\/span><\/p>\n<p>Die Vernissage findet am 24. 11. 2015 um 19:00 Uhr statt. Zu den Werken spricht \u2013 im Interview mit den Organisatorinnen der Ausstellung \u2013 <span style=\"color: #000000;\"><span style=\"font-family: Times New Roman,serif;\"><span style=\"font-size: medium;\">die Pr\u00e4sidentin der Dr. Ernst Koref-Stiftung, Prof. Gertrude Haider-Gr\u00fcnwald, die als Kulturjournalistin und Autorin seit vier Jahrzehnten in der ober\u00f6sterreichischen Kunstszene bekannt ist.<\/span><\/span><\/span> \u201eLabyrinth der Wirklichkeiten\u201c ist bis einschlie\u00dflich 18. Dezember, jeweils von Dienstag bis Freitag von 16:00 bis 19:00 Uhr ge\u00f6ffnet.<\/p>\n<p><a href=\"http:\/\/Einladung als Pdf (230 kb)\" target=\"_blank\">Invitation German, Pdf (230 kb)<\/a>[:]<\/p>\n","protected":false},"excerpt":{"rendered":"<p>[:de]Mit &#8220;Labyrinth der Wirklichkeiten&#8221; starten Christine Hirschberg und ich eine gemeinschaftlich organisierte Ausstellungsserie. Ich freue mich sehr auf diese Premiere, bei\u00a0 der auch Arbeiten von mir zu sehen sein werden. Der Pressetext zum Weiterleiten und Verbreiten: Linz wird zum \u201eLabyrinth der Wirklichkeiten\u201c Gro\u00dfe Ausstellung im \u201eo\u00f6 kulturquartier\u201d zeigt Hochkar\u00e4tiges aus dem Bereich der Phantastischen Kunst [&hellip;]<\/p>\n","protected":false},"author":2,"featured_media":1141,"comment_status":"closed","ping_status":"closed","sticky":false,"template":"","format":"standard","meta":{"zakra_page_container_layout":"customizer","zakra_page_sidebar_layout":"customizer","zakra_remove_content_margin":false,"zakra_sidebar":"customizer","zakra_transparent_header":"customizer","zakra_logo":0,"zakra_main_header_style":"default","zakra_menu_item_color":"","zakra_menu_item_hover_color":"","zakra_menu_item_active_color":"","zakra_menu_active_style":"","zakra_page_header":true,"footnotes":""},"categories":[1],"tags":[125,117,114,144,138,140,109,143,130,30,141,142,31,139],"class_list":["post-1139","post","type-post","status-publish","format-standard","has-post-thumbnail","hentry","category-aktuelles","tag-125","tag-ausstellung","tag-christine-hirschberg","tag-dr-ernst-koref-stiftung","tag-kulturquartier","tag-labyrinth-der-wirklichkeiten","tag-linz","tag-november","tag-oberoesterreich","tag-sterreich","tag-phantastische-kunst","tag-phantastischer-realismus","tag-sigrid-nepelius","tag-ursulinenhof"],"yoast_head":"<!-- This site is optimized with the Yoast SEO plugin v27.4 - https:\/\/yoast.com\/product\/yoast-seo-wordpress\/ -->\n<title>[:de]Labyrinth der Wirklichkeiten[:en]Labyrinth of realities[:] - Sigrid Nepelius<\/title>\n<meta name=\"robots\" content=\"index, follow, max-snippet:-1, max-image-preview:large, max-video-preview:-1\" \/>\n<link rel=\"canonical\" href=\"https:\/\/www.nepelius.com\/en\/labyrinth-der-wirklichkeiten\/\" \/>\n<meta property=\"og:locale\" content=\"en_GB\" \/>\n<meta property=\"og:type\" content=\"article\" \/>\n<meta property=\"og:title\" content=\"[:de]Labyrinth der Wirklichkeiten[:en]Labyrinth of realities[:] - Sigrid Nepelius\" \/>\n<meta property=\"og:description\" content=\"[:de]Mit &#8220;Labyrinth der Wirklichkeiten&#8221; starten Christine Hirschberg und ich eine gemeinschaftlich organisierte Ausstellungsserie. Ich freue mich sehr auf diese Premiere, bei\u00a0 der auch Arbeiten von mir zu sehen sein werden. Der Pressetext zum Weiterleiten und Verbreiten: Linz wird zum \u201eLabyrinth der Wirklichkeiten\u201c Gro\u00dfe Ausstellung im \u201eo\u00f6 kulturquartier\u201d zeigt Hochkar\u00e4tiges aus dem Bereich der Phantastischen Kunst [&hellip;]\" \/>\n<meta property=\"og:url\" content=\"https:\/\/www.nepelius.com\/en\/labyrinth-der-wirklichkeiten\/\" \/>\n<meta property=\"og:site_name\" content=\"Sigrid Nepelius\" \/>\n<meta property=\"article:publisher\" content=\"https:\/\/www.facebook.com\/sigrid.nepelius.art\" \/>\n<meta property=\"article:author\" content=\"https:\/\/www.facebook.com\/sigrid.nepelius.art\" \/>\n<meta property=\"article:published_time\" content=\"2015-10-23T09:38:18+00:00\" \/>\n<meta property=\"article:modified_time\" content=\"2015-10-23T09:42:25+00:00\" \/>\n<meta property=\"og:image\" content=\"https:\/\/www.nepelius.com\/wp-content\/uploads\/2015\/10\/Bildschirmfoto-2015-10-23-um-11.16.03.png\" \/>\n\t<meta property=\"og:image:width\" content=\"577\" \/>\n\t<meta property=\"og:image:height\" content=\"569\" \/>\n\t<meta property=\"og:image:type\" content=\"image\/png\" \/>\n<meta name=\"author\" content=\"Sigrid\" \/>\n<meta name=\"twitter:card\" content=\"summary_large_image\" \/>\n<meta name=\"twitter:label1\" content=\"Written by\" \/>\n\t<meta name=\"twitter:data1\" content=\"Sigrid\" \/>\n\t<meta name=\"twitter:label2\" content=\"Estimated reading time\" \/>\n\t<meta name=\"twitter:data2\" content=\"5 minutes\" \/>\n<script type=\"application\/ld+json\" class=\"yoast-schema-graph\">{\"@context\":\"https:\\\/\\\/schema.org\",\"@graph\":[{\"@type\":\"Article\",\"@id\":\"https:\\\/\\\/www.nepelius.com\\\/labyrinth-der-wirklichkeiten\\\/#article\",\"isPartOf\":{\"@id\":\"https:\\\/\\\/www.nepelius.com\\\/labyrinth-der-wirklichkeiten\\\/\"},\"author\":{\"name\":\"Sigrid\",\"@id\":\"https:\\\/\\\/www.nepelius.com\\\/#\\\/schema\\\/person\\\/fb48383c87e305a8d2bbad4aef3524eb\"},\"headline\":\"[:de]Labyrinth der Wirklichkeiten[:en]Labyrinth of realities[:]\",\"datePublished\":\"2015-10-23T09:38:18+00:00\",\"dateModified\":\"2015-10-23T09:42:25+00:00\",\"mainEntityOfPage\":{\"@id\":\"https:\\\/\\\/www.nepelius.com\\\/labyrinth-der-wirklichkeiten\\\/\"},\"wordCount\":1014,\"publisher\":{\"@id\":\"https:\\\/\\\/www.nepelius.com\\\/#\\\/schema\\\/person\\\/fb48383c87e305a8d2bbad4aef3524eb\"},\"image\":{\"@id\":\"https:\\\/\\\/www.nepelius.com\\\/labyrinth-der-wirklichkeiten\\\/#primaryimage\"},\"thumbnailUrl\":\"https:\\\/\\\/www.nepelius.com\\\/wp-content\\\/uploads\\\/2015\\\/10\\\/Bildschirmfoto-2015-10-23-um-11.16.03.png\",\"keywords\":[\"2015\",\"Ausstellung\",\"Christine Hirschberg\",\"Dr. Ernst Koref-Stiftung\",\"Kulturquartier\",\"Labyrinth der Wirklichkeiten\",\"Linz\",\"November\",\"Ober\u00f6sterreich\",\"\u00d6sterreich\",\"Phantastische Kunst\",\"Phantastischer Realismus\",\"Sigrid Nepelius\",\"Ursulinenhof\"],\"articleSection\":[\"Aktuelles\"],\"inLanguage\":\"en-GB\"},{\"@type\":\"WebPage\",\"@id\":\"https:\\\/\\\/www.nepelius.com\\\/labyrinth-der-wirklichkeiten\\\/\",\"url\":\"https:\\\/\\\/www.nepelius.com\\\/labyrinth-der-wirklichkeiten\\\/\",\"name\":\"[:de]Labyrinth der Wirklichkeiten[:en]Labyrinth of realities[:] - Sigrid Nepelius\",\"isPartOf\":{\"@id\":\"https:\\\/\\\/www.nepelius.com\\\/#website\"},\"primaryImageOfPage\":{\"@id\":\"https:\\\/\\\/www.nepelius.com\\\/labyrinth-der-wirklichkeiten\\\/#primaryimage\"},\"image\":{\"@id\":\"https:\\\/\\\/www.nepelius.com\\\/labyrinth-der-wirklichkeiten\\\/#primaryimage\"},\"thumbnailUrl\":\"https:\\\/\\\/www.nepelius.com\\\/wp-content\\\/uploads\\\/2015\\\/10\\\/Bildschirmfoto-2015-10-23-um-11.16.03.png\",\"datePublished\":\"2015-10-23T09:38:18+00:00\",\"dateModified\":\"2015-10-23T09:42:25+00:00\",\"breadcrumb\":{\"@id\":\"https:\\\/\\\/www.nepelius.com\\\/labyrinth-der-wirklichkeiten\\\/#breadcrumb\"},\"inLanguage\":\"en-GB\",\"potentialAction\":[{\"@type\":\"ReadAction\",\"target\":[\"https:\\\/\\\/www.nepelius.com\\\/labyrinth-der-wirklichkeiten\\\/\"]}]},{\"@type\":\"ImageObject\",\"inLanguage\":\"en-GB\",\"@id\":\"https:\\\/\\\/www.nepelius.com\\\/labyrinth-der-wirklichkeiten\\\/#primaryimage\",\"url\":\"https:\\\/\\\/www.nepelius.com\\\/wp-content\\\/uploads\\\/2015\\\/10\\\/Bildschirmfoto-2015-10-23-um-11.16.03.png\",\"contentUrl\":\"https:\\\/\\\/www.nepelius.com\\\/wp-content\\\/uploads\\\/2015\\\/10\\\/Bildschirmfoto-2015-10-23-um-11.16.03.png\",\"width\":577,\"height\":569},{\"@type\":\"BreadcrumbList\",\"@id\":\"https:\\\/\\\/www.nepelius.com\\\/labyrinth-der-wirklichkeiten\\\/#breadcrumb\",\"itemListElement\":[{\"@type\":\"ListItem\",\"position\":1,\"name\":\"Startseite\",\"item\":\"https:\\\/\\\/www.nepelius.com\\\/\"},{\"@type\":\"ListItem\",\"position\":2,\"name\":\"[:de]Labyrinth der Wirklichkeiten[:en]Labyrinth of realities[:]\"}]},{\"@type\":\"WebSite\",\"@id\":\"https:\\\/\\\/www.nepelius.com\\\/#website\",\"url\":\"https:\\\/\\\/www.nepelius.com\\\/\",\"name\":\"Sigrid Nepelius\",\"description\":\"Fine Art\",\"publisher\":{\"@id\":\"https:\\\/\\\/www.nepelius.com\\\/#\\\/schema\\\/person\\\/fb48383c87e305a8d2bbad4aef3524eb\"},\"potentialAction\":[{\"@type\":\"SearchAction\",\"target\":{\"@type\":\"EntryPoint\",\"urlTemplate\":\"https:\\\/\\\/www.nepelius.com\\\/?s={search_term_string}\"},\"query-input\":{\"@type\":\"PropertyValueSpecification\",\"valueRequired\":true,\"valueName\":\"search_term_string\"}}],\"inLanguage\":\"en-GB\"},{\"@type\":[\"Person\",\"Organization\"],\"@id\":\"https:\\\/\\\/www.nepelius.com\\\/#\\\/schema\\\/person\\\/fb48383c87e305a8d2bbad4aef3524eb\",\"name\":\"Sigrid\",\"image\":{\"@type\":\"ImageObject\",\"inLanguage\":\"en-GB\",\"@id\":\"https:\\\/\\\/www.nepelius.com\\\/wp-content\\\/uploads\\\/cropped-header_neu-1.jpg\",\"url\":\"https:\\\/\\\/www.nepelius.com\\\/wp-content\\\/uploads\\\/cropped-header_neu-1.jpg\",\"contentUrl\":\"https:\\\/\\\/www.nepelius.com\\\/wp-content\\\/uploads\\\/cropped-header_neu-1.jpg\",\"width\":1500,\"height\":224,\"caption\":\"Sigrid\"},\"logo\":{\"@id\":\"https:\\\/\\\/www.nepelius.com\\\/wp-content\\\/uploads\\\/cropped-header_neu-1.jpg\"},\"sameAs\":[\"https:\\\/\\\/www.facebook.com\\\/sigrid.nepelius.art\",\"https:\\\/\\\/www.instagram.com\\\/sigridnepeliusart\\\/\",\"https:\\\/\\\/www.pinterest.at\\\/sigridnepelius\\\/\"],\"url\":\"https:\\\/\\\/www.nepelius.com\\\/en\\\/author\\\/sigi\\\/\"}]}<\/script>\n<!-- \/ Yoast SEO plugin. -->","yoast_head_json":{"title":"[:de]Labyrinth der Wirklichkeiten[:en]Labyrinth of realities[:] - Sigrid Nepelius","robots":{"index":"index","follow":"follow","max-snippet":"max-snippet:-1","max-image-preview":"max-image-preview:large","max-video-preview":"max-video-preview:-1"},"canonical":"https:\/\/www.nepelius.com\/en\/labyrinth-der-wirklichkeiten\/","og_locale":"en_GB","og_type":"article","og_title":"[:de]Labyrinth der Wirklichkeiten[:en]Labyrinth of realities[:] - Sigrid Nepelius","og_description":"[:de]Mit &#8220;Labyrinth der Wirklichkeiten&#8221; starten Christine Hirschberg und ich eine gemeinschaftlich organisierte Ausstellungsserie. Ich freue mich sehr auf diese Premiere, bei\u00a0 der auch Arbeiten von mir zu sehen sein werden. Der Pressetext zum Weiterleiten und Verbreiten: Linz wird zum \u201eLabyrinth der Wirklichkeiten\u201c Gro\u00dfe Ausstellung im \u201eo\u00f6 kulturquartier\u201d zeigt Hochkar\u00e4tiges aus dem Bereich der Phantastischen Kunst [&hellip;]","og_url":"https:\/\/www.nepelius.com\/en\/labyrinth-der-wirklichkeiten\/","og_site_name":"Sigrid Nepelius","article_publisher":"https:\/\/www.facebook.com\/sigrid.nepelius.art","article_author":"https:\/\/www.facebook.com\/sigrid.nepelius.art","article_published_time":"2015-10-23T09:38:18+00:00","article_modified_time":"2015-10-23T09:42:25+00:00","og_image":[{"width":577,"height":569,"url":"https:\/\/www.nepelius.com\/wp-content\/uploads\/2015\/10\/Bildschirmfoto-2015-10-23-um-11.16.03.png","type":"image\/png"}],"author":"Sigrid","twitter_card":"summary_large_image","twitter_misc":{"Written by":"Sigrid","Estimated reading time":"5 minutes"},"schema":{"@context":"https:\/\/schema.org","@graph":[{"@type":"Article","@id":"https:\/\/www.nepelius.com\/labyrinth-der-wirklichkeiten\/#article","isPartOf":{"@id":"https:\/\/www.nepelius.com\/labyrinth-der-wirklichkeiten\/"},"author":{"name":"Sigrid","@id":"https:\/\/www.nepelius.com\/#\/schema\/person\/fb48383c87e305a8d2bbad4aef3524eb"},"headline":"[:de]Labyrinth der Wirklichkeiten[:en]Labyrinth of realities[:]","datePublished":"2015-10-23T09:38:18+00:00","dateModified":"2015-10-23T09:42:25+00:00","mainEntityOfPage":{"@id":"https:\/\/www.nepelius.com\/labyrinth-der-wirklichkeiten\/"},"wordCount":1014,"publisher":{"@id":"https:\/\/www.nepelius.com\/#\/schema\/person\/fb48383c87e305a8d2bbad4aef3524eb"},"image":{"@id":"https:\/\/www.nepelius.com\/labyrinth-der-wirklichkeiten\/#primaryimage"},"thumbnailUrl":"https:\/\/www.nepelius.com\/wp-content\/uploads\/2015\/10\/Bildschirmfoto-2015-10-23-um-11.16.03.png","keywords":["2015","Ausstellung","Christine Hirschberg","Dr. Ernst Koref-Stiftung","Kulturquartier","Labyrinth der Wirklichkeiten","Linz","November","Ober\u00f6sterreich","\u00d6sterreich","Phantastische Kunst","Phantastischer Realismus","Sigrid Nepelius","Ursulinenhof"],"articleSection":["Aktuelles"],"inLanguage":"en-GB"},{"@type":"WebPage","@id":"https:\/\/www.nepelius.com\/labyrinth-der-wirklichkeiten\/","url":"https:\/\/www.nepelius.com\/labyrinth-der-wirklichkeiten\/","name":"[:de]Labyrinth der Wirklichkeiten[:en]Labyrinth of realities[:] - Sigrid Nepelius","isPartOf":{"@id":"https:\/\/www.nepelius.com\/#website"},"primaryImageOfPage":{"@id":"https:\/\/www.nepelius.com\/labyrinth-der-wirklichkeiten\/#primaryimage"},"image":{"@id":"https:\/\/www.nepelius.com\/labyrinth-der-wirklichkeiten\/#primaryimage"},"thumbnailUrl":"https:\/\/www.nepelius.com\/wp-content\/uploads\/2015\/10\/Bildschirmfoto-2015-10-23-um-11.16.03.png","datePublished":"2015-10-23T09:38:18+00:00","dateModified":"2015-10-23T09:42:25+00:00","breadcrumb":{"@id":"https:\/\/www.nepelius.com\/labyrinth-der-wirklichkeiten\/#breadcrumb"},"inLanguage":"en-GB","potentialAction":[{"@type":"ReadAction","target":["https:\/\/www.nepelius.com\/labyrinth-der-wirklichkeiten\/"]}]},{"@type":"ImageObject","inLanguage":"en-GB","@id":"https:\/\/www.nepelius.com\/labyrinth-der-wirklichkeiten\/#primaryimage","url":"https:\/\/www.nepelius.com\/wp-content\/uploads\/2015\/10\/Bildschirmfoto-2015-10-23-um-11.16.03.png","contentUrl":"https:\/\/www.nepelius.com\/wp-content\/uploads\/2015\/10\/Bildschirmfoto-2015-10-23-um-11.16.03.png","width":577,"height":569},{"@type":"BreadcrumbList","@id":"https:\/\/www.nepelius.com\/labyrinth-der-wirklichkeiten\/#breadcrumb","itemListElement":[{"@type":"ListItem","position":1,"name":"Startseite","item":"https:\/\/www.nepelius.com\/"},{"@type":"ListItem","position":2,"name":"[:de]Labyrinth der Wirklichkeiten[:en]Labyrinth of realities[:]"}]},{"@type":"WebSite","@id":"https:\/\/www.nepelius.com\/#website","url":"https:\/\/www.nepelius.com\/","name":"Sigrid Nepelius","description":"Fine Art","publisher":{"@id":"https:\/\/www.nepelius.com\/#\/schema\/person\/fb48383c87e305a8d2bbad4aef3524eb"},"potentialAction":[{"@type":"SearchAction","target":{"@type":"EntryPoint","urlTemplate":"https:\/\/www.nepelius.com\/?s={search_term_string}"},"query-input":{"@type":"PropertyValueSpecification","valueRequired":true,"valueName":"search_term_string"}}],"inLanguage":"en-GB"},{"@type":["Person","Organization"],"@id":"https:\/\/www.nepelius.com\/#\/schema\/person\/fb48383c87e305a8d2bbad4aef3524eb","name":"Sigrid","image":{"@type":"ImageObject","inLanguage":"en-GB","@id":"https:\/\/www.nepelius.com\/wp-content\/uploads\/cropped-header_neu-1.jpg","url":"https:\/\/www.nepelius.com\/wp-content\/uploads\/cropped-header_neu-1.jpg","contentUrl":"https:\/\/www.nepelius.com\/wp-content\/uploads\/cropped-header_neu-1.jpg","width":1500,"height":224,"caption":"Sigrid"},"logo":{"@id":"https:\/\/www.nepelius.com\/wp-content\/uploads\/cropped-header_neu-1.jpg"},"sameAs":["https:\/\/www.facebook.com\/sigrid.nepelius.art","https:\/\/www.instagram.com\/sigridnepeliusart\/","https:\/\/www.pinterest.at\/sigridnepelius\/"],"url":"https:\/\/www.nepelius.com\/en\/author\/sigi\/"}]}},"_links":{"self":[{"href":"https:\/\/www.nepelius.com\/en\/wp-json\/wp\/v2\/posts\/1139","targetHints":{"allow":["GET"]}}],"collection":[{"href":"https:\/\/www.nepelius.com\/en\/wp-json\/wp\/v2\/posts"}],"about":[{"href":"https:\/\/www.nepelius.com\/en\/wp-json\/wp\/v2\/types\/post"}],"author":[{"embeddable":true,"href":"https:\/\/www.nepelius.com\/en\/wp-json\/wp\/v2\/users\/2"}],"replies":[{"embeddable":true,"href":"https:\/\/www.nepelius.com\/en\/wp-json\/wp\/v2\/comments?post=1139"}],"version-history":[{"count":2,"href":"https:\/\/www.nepelius.com\/en\/wp-json\/wp\/v2\/posts\/1139\/revisions"}],"predecessor-version":[{"id":1144,"href":"https:\/\/www.nepelius.com\/en\/wp-json\/wp\/v2\/posts\/1139\/revisions\/1144"}],"wp:featuredmedia":[{"embeddable":true,"href":"https:\/\/www.nepelius.com\/en\/wp-json\/wp\/v2\/media\/1141"}],"wp:attachment":[{"href":"https:\/\/www.nepelius.com\/en\/wp-json\/wp\/v2\/media?parent=1139"}],"wp:term":[{"taxonomy":"category","embeddable":true,"href":"https:\/\/www.nepelius.com\/en\/wp-json\/wp\/v2\/categories?post=1139"},{"taxonomy":"post_tag","embeddable":true,"href":"https:\/\/www.nepelius.com\/en\/wp-json\/wp\/v2\/tags?post=1139"}],"curies":[{"name":"wp","href":"https:\/\/api.w.org\/{rel}","templated":true}]}}