{"id":1369,"date":"2017-11-15T21:16:27","date_gmt":"2017-11-15T20:16:27","guid":{"rendered":"https:\/\/www.nepelius.com\/?p=1369"},"modified":"2017-12-06T12:35:24","modified_gmt":"2017-12-06T11:35:24","slug":"jahresausstellung-aea-ansfelden-a","status":"publish","type":"post","link":"https:\/\/www.nepelius.com\/en\/jahresausstellung-aea-ansfelden-a\/","title":{"rendered":"[:de]Jahresausstellung AEA, Ansfelden (A)[:en]annual exhibition AEA, Ansfelden (A)[:]"},"content":{"rendered":"<p>[:de]Die diesj\u00e4hrige Jahresausstellung des <a href=\"http:\/\/www.kunstkreis.at\" target=\"_blank\" rel=\"noopener\">Europ\u00e4ischen Kunstkreises (AEA)<\/a> findet in der <a href=\"http:\/\/www.ansfelden.at\/freizeitkultursport\/kulturangebote\/giga-galerie-im-gemeindeamt\/?no_cache=1&amp;sword_list%5B%5D=giga\" target=\"_blank\" rel=\"noopener\">GIGA Ansfelden<\/a> (A) statt. 32 K\u00fcnstler\/innen nehmen teil, die Besucher erwartet ein facettenreiche Ausstellung mit Werken aus unterschiedlichen Techniken und Stilrichtungen. Einige meiner Arbeiten sind ebenfalls mit dabei &#8211; ich freue mich auf einen netten Er\u00f6ffnungsabend!<\/p>\n<p><strong>Vernissage:<\/strong> 30. November 2017, 19.00 Uhr<br \/>\n<strong>Ausstellungsdauer:<\/strong> 30. November 2017 bis 19. Januar 2018[:en]<span id=\"result_box\" class=\"\" lang=\"en\"><span class=\"\">This year&#8217;s annual exhibition of the <a href=\"http:\/\/www.kunstkreis.at\" target=\"_blank\" rel=\"noopener\">Europ\u00e4ischen Kunstkreises (AEA)<\/a> will take place at the\u00a0<a href=\"http:\/\/www.ansfelden.at\/freizeitkultursport\/kulturangebote\/giga-galerie-im-gemeindeamt\/?no_cache=1&amp;sword_list%5B%5D=giga\" target=\"_blank\" rel=\"noopener\">GIGA Ansfelden<\/a> (A).<\/span> <span class=\"\">32 artists take part, the visitors can expect a multifaceted exhibition with works from different techniques and styles. Some of my works are also included &#8211; I am looking forward to a nice opening night!<br \/>\n<\/span><\/span><\/p>\n<p><strong>Opening:<\/strong> <span id=\"result_box\" class=\"\" lang=\"en\"><span class=\"\">30th November 2017, 7:00 pm<\/span><\/span><br \/>\n<strong>Duration:<\/strong> <span id=\"result_box\" class=\"\" lang=\"en\">30th November 2017 to 19th January 2018<\/span>[:]<\/p>\n","protected":false},"excerpt":{"rendered":"<p>[:de]Die diesj\u00e4hrige Jahresausstellung des Europ\u00e4ischen Kunstkreises (AEA) findet in der GIGA Ansfelden (A) statt. 32 K\u00fcnstler\/innen nehmen teil, die Besucher erwartet ein facettenreiche Ausstellung mit Werken aus unterschiedlichen Techniken und Stilrichtungen. Einige meiner Arbeiten sind ebenfalls mit dabei &#8211; ich freue mich auf einen netten Er\u00f6ffnungsabend! Vernissage: 30. November 2017, 19.00 Uhr Ausstellungsdauer: 30. November [&hellip;]<\/p>\n","protected":false},"author":2,"featured_media":1368,"comment_status":"closed","ping_status":"closed","sticky":false,"template":"","format":"standard","meta":{"zakra_page_container_layout":"customizer","zakra_page_sidebar_layout":"customizer","zakra_remove_content_margin":false,"zakra_sidebar":"customizer","zakra_transparent_header":"customizer","zakra_logo":0,"zakra_main_header_style":"default","zakra_menu_item_color":"","zakra_menu_item_hover_color":"","zakra_menu_item_active_color":"","zakra_menu_active_style":"","zakra_page_header":true,"footnotes":""},"categories":[1],"tags":[168,110,171,120,30],"class_list":["post-1369","post","type-post","status-publish","format-standard","has-post-thumbnail","hentry","category-aktuelles","tag-168","tag-aea","tag-giga-ansfelden","tag-jahresausstellung","tag-sterreich"],"yoast_head":"<!-- This site is optimized with the Yoast SEO plugin v27.4 - https:\/\/yoast.com\/product\/yoast-seo-wordpress\/ -->\n<title>[:de]Jahresausstellung AEA, Ansfelden (A)[:en]annual exhibition AEA, Ansfelden (A)[:] - Sigrid Nepelius<\/title>\n<meta name=\"robots\" content=\"index, follow, max-snippet:-1, max-image-preview:large, max-video-preview:-1\" \/>\n<link rel=\"canonical\" href=\"https:\/\/www.nepelius.com\/en\/jahresausstellung-aea-ansfelden-a\/\" \/>\n<meta property=\"og:locale\" content=\"en_GB\" \/>\n<meta property=\"og:type\" content=\"article\" \/>\n<meta property=\"og:title\" content=\"[:de]Jahresausstellung AEA, Ansfelden (A)[:en]annual exhibition AEA, Ansfelden (A)[:] - Sigrid Nepelius\" \/>\n<meta property=\"og:description\" content=\"[:de]Die diesj\u00e4hrige Jahresausstellung des Europ\u00e4ischen Kunstkreises (AEA) findet in der GIGA Ansfelden (A) statt. 32 K\u00fcnstler\/innen nehmen teil, die Besucher erwartet ein facettenreiche Ausstellung mit Werken aus unterschiedlichen Techniken und Stilrichtungen. Einige meiner Arbeiten sind ebenfalls mit dabei &#8211; ich freue mich auf einen netten Er\u00f6ffnungsabend! Vernissage: 30. November 2017, 19.00 Uhr Ausstellungsdauer: 30. November [&hellip;]\" \/>\n<meta property=\"og:url\" content=\"https:\/\/www.nepelius.com\/en\/jahresausstellung-aea-ansfelden-a\/\" \/>\n<meta property=\"og:site_name\" content=\"Sigrid Nepelius\" \/>\n<meta property=\"article:publisher\" content=\"https:\/\/www.facebook.com\/sigrid.nepelius.art\" \/>\n<meta property=\"article:author\" content=\"https:\/\/www.facebook.com\/sigrid.nepelius.art\" \/>\n<meta property=\"article:published_time\" content=\"2017-11-15T20:16:27+00:00\" \/>\n<meta property=\"article:modified_time\" content=\"2017-12-06T11:35:24+00:00\" \/>\n<meta property=\"og:image\" content=\"https:\/\/www.nepelius.com\/wp-content\/uploads\/2017\/11\/Bildschirmfoto-2017-11-15-um-20.23.20.png\" \/>\n\t<meta property=\"og:image:width\" content=\"810\" \/>\n\t<meta property=\"og:image:height\" content=\"570\" \/>\n\t<meta property=\"og:image:type\" content=\"image\/png\" \/>\n<meta name=\"author\" content=\"Sigrid\" \/>\n<meta name=\"twitter:card\" content=\"summary_large_image\" \/>\n<meta name=\"twitter:label1\" content=\"Written by\" \/>\n\t<meta name=\"twitter:data1\" content=\"Sigrid\" \/>\n\t<meta name=\"twitter:label2\" content=\"Estimated reading time\" \/>\n\t<meta name=\"twitter:data2\" content=\"1 minute\" \/>\n<script type=\"application\/ld+json\" class=\"yoast-schema-graph\">{\"@context\":\"https:\\\/\\\/schema.org\",\"@graph\":[{\"@type\":\"Article\",\"@id\":\"https:\\\/\\\/www.nepelius.com\\\/jahresausstellung-aea-ansfelden-a\\\/#article\",\"isPartOf\":{\"@id\":\"https:\\\/\\\/www.nepelius.com\\\/jahresausstellung-aea-ansfelden-a\\\/\"},\"author\":{\"name\":\"Sigrid\",\"@id\":\"https:\\\/\\\/www.nepelius.com\\\/#\\\/schema\\\/person\\\/fb48383c87e305a8d2bbad4aef3524eb\"},\"headline\":\"[:de]Jahresausstellung AEA, Ansfelden (A)[:en]annual exhibition AEA, Ansfelden (A)[:]\",\"datePublished\":\"2017-11-15T20:16:27+00:00\",\"dateModified\":\"2017-12-06T11:35:24+00:00\",\"mainEntityOfPage\":{\"@id\":\"https:\\\/\\\/www.nepelius.com\\\/jahresausstellung-aea-ansfelden-a\\\/\"},\"wordCount\":132,\"publisher\":{\"@id\":\"https:\\\/\\\/www.nepelius.com\\\/#\\\/schema\\\/person\\\/fb48383c87e305a8d2bbad4aef3524eb\"},\"image\":{\"@id\":\"https:\\\/\\\/www.nepelius.com\\\/jahresausstellung-aea-ansfelden-a\\\/#primaryimage\"},\"thumbnailUrl\":\"https:\\\/\\\/www.nepelius.com\\\/wp-content\\\/uploads\\\/2017\\\/11\\\/Bildschirmfoto-2017-11-15-um-20.23.20.png\",\"keywords\":[\"2017\",\"AEA\",\"GIGA Ansfelden\",\"Jahresausstellung\",\"\u00d6sterreich\"],\"articleSection\":[\"Aktuelles\"],\"inLanguage\":\"en-GB\"},{\"@type\":\"WebPage\",\"@id\":\"https:\\\/\\\/www.nepelius.com\\\/jahresausstellung-aea-ansfelden-a\\\/\",\"url\":\"https:\\\/\\\/www.nepelius.com\\\/jahresausstellung-aea-ansfelden-a\\\/\",\"name\":\"[:de]Jahresausstellung AEA, Ansfelden (A)[:en]annual exhibition AEA, Ansfelden (A)[:] - Sigrid Nepelius\",\"isPartOf\":{\"@id\":\"https:\\\/\\\/www.nepelius.com\\\/#website\"},\"primaryImageOfPage\":{\"@id\":\"https:\\\/\\\/www.nepelius.com\\\/jahresausstellung-aea-ansfelden-a\\\/#primaryimage\"},\"image\":{\"@id\":\"https:\\\/\\\/www.nepelius.com\\\/jahresausstellung-aea-ansfelden-a\\\/#primaryimage\"},\"thumbnailUrl\":\"https:\\\/\\\/www.nepelius.com\\\/wp-content\\\/uploads\\\/2017\\\/11\\\/Bildschirmfoto-2017-11-15-um-20.23.20.png\",\"datePublished\":\"2017-11-15T20:16:27+00:00\",\"dateModified\":\"2017-12-06T11:35:24+00:00\",\"breadcrumb\":{\"@id\":\"https:\\\/\\\/www.nepelius.com\\\/jahresausstellung-aea-ansfelden-a\\\/#breadcrumb\"},\"inLanguage\":\"en-GB\",\"potentialAction\":[{\"@type\":\"ReadAction\",\"target\":[\"https:\\\/\\\/www.nepelius.com\\\/jahresausstellung-aea-ansfelden-a\\\/\"]}]},{\"@type\":\"ImageObject\",\"inLanguage\":\"en-GB\",\"@id\":\"https:\\\/\\\/www.nepelius.com\\\/jahresausstellung-aea-ansfelden-a\\\/#primaryimage\",\"url\":\"https:\\\/\\\/www.nepelius.com\\\/wp-content\\\/uploads\\\/2017\\\/11\\\/Bildschirmfoto-2017-11-15-um-20.23.20.png\",\"contentUrl\":\"https:\\\/\\\/www.nepelius.com\\\/wp-content\\\/uploads\\\/2017\\\/11\\\/Bildschirmfoto-2017-11-15-um-20.23.20.png\",\"width\":810,\"height\":570},{\"@type\":\"BreadcrumbList\",\"@id\":\"https:\\\/\\\/www.nepelius.com\\\/jahresausstellung-aea-ansfelden-a\\\/#breadcrumb\",\"itemListElement\":[{\"@type\":\"ListItem\",\"position\":1,\"name\":\"Startseite\",\"item\":\"https:\\\/\\\/www.nepelius.com\\\/\"},{\"@type\":\"ListItem\",\"position\":2,\"name\":\"[:de]Jahresausstellung AEA, Ansfelden (A)[:en]annual exhibition AEA, Ansfelden (A)[:]\"}]},{\"@type\":\"WebSite\",\"@id\":\"https:\\\/\\\/www.nepelius.com\\\/#website\",\"url\":\"https:\\\/\\\/www.nepelius.com\\\/\",\"name\":\"Sigrid Nepelius\",\"description\":\"Fine Art\",\"publisher\":{\"@id\":\"https:\\\/\\\/www.nepelius.com\\\/#\\\/schema\\\/person\\\/fb48383c87e305a8d2bbad4aef3524eb\"},\"potentialAction\":[{\"@type\":\"SearchAction\",\"target\":{\"@type\":\"EntryPoint\",\"urlTemplate\":\"https:\\\/\\\/www.nepelius.com\\\/?s={search_term_string}\"},\"query-input\":{\"@type\":\"PropertyValueSpecification\",\"valueRequired\":true,\"valueName\":\"search_term_string\"}}],\"inLanguage\":\"en-GB\"},{\"@type\":[\"Person\",\"Organization\"],\"@id\":\"https:\\\/\\\/www.nepelius.com\\\/#\\\/schema\\\/person\\\/fb48383c87e305a8d2bbad4aef3524eb\",\"name\":\"Sigrid\",\"image\":{\"@type\":\"ImageObject\",\"inLanguage\":\"en-GB\",\"@id\":\"https:\\\/\\\/www.nepelius.com\\\/wp-content\\\/uploads\\\/cropped-header_neu-1.jpg\",\"url\":\"https:\\\/\\\/www.nepelius.com\\\/wp-content\\\/uploads\\\/cropped-header_neu-1.jpg\",\"contentUrl\":\"https:\\\/\\\/www.nepelius.com\\\/wp-content\\\/uploads\\\/cropped-header_neu-1.jpg\",\"width\":1500,\"height\":224,\"caption\":\"Sigrid\"},\"logo\":{\"@id\":\"https:\\\/\\\/www.nepelius.com\\\/wp-content\\\/uploads\\\/cropped-header_neu-1.jpg\"},\"sameAs\":[\"https:\\\/\\\/www.facebook.com\\\/sigrid.nepelius.art\",\"https:\\\/\\\/www.instagram.com\\\/sigridnepeliusart\\\/\",\"https:\\\/\\\/www.pinterest.at\\\/sigridnepelius\\\/\"],\"url\":\"https:\\\/\\\/www.nepelius.com\\\/en\\\/author\\\/sigi\\\/\"}]}<\/script>\n<!-- \/ Yoast SEO plugin. -->","yoast_head_json":{"title":"[:de]Jahresausstellung AEA, Ansfelden (A)[:en]annual exhibition AEA, Ansfelden (A)[:] - Sigrid Nepelius","robots":{"index":"index","follow":"follow","max-snippet":"max-snippet:-1","max-image-preview":"max-image-preview:large","max-video-preview":"max-video-preview:-1"},"canonical":"https:\/\/www.nepelius.com\/en\/jahresausstellung-aea-ansfelden-a\/","og_locale":"en_GB","og_type":"article","og_title":"[:de]Jahresausstellung AEA, Ansfelden (A)[:en]annual exhibition AEA, Ansfelden (A)[:] - Sigrid Nepelius","og_description":"[:de]Die diesj\u00e4hrige Jahresausstellung des Europ\u00e4ischen Kunstkreises (AEA) findet in der GIGA Ansfelden (A) statt. 32 K\u00fcnstler\/innen nehmen teil, die Besucher erwartet ein facettenreiche Ausstellung mit Werken aus unterschiedlichen Techniken und Stilrichtungen. Einige meiner Arbeiten sind ebenfalls mit dabei &#8211; ich freue mich auf einen netten Er\u00f6ffnungsabend! Vernissage: 30. November 2017, 19.00 Uhr Ausstellungsdauer: 30. November [&hellip;]","og_url":"https:\/\/www.nepelius.com\/en\/jahresausstellung-aea-ansfelden-a\/","og_site_name":"Sigrid Nepelius","article_publisher":"https:\/\/www.facebook.com\/sigrid.nepelius.art","article_author":"https:\/\/www.facebook.com\/sigrid.nepelius.art","article_published_time":"2017-11-15T20:16:27+00:00","article_modified_time":"2017-12-06T11:35:24+00:00","og_image":[{"width":810,"height":570,"url":"https:\/\/www.nepelius.com\/wp-content\/uploads\/2017\/11\/Bildschirmfoto-2017-11-15-um-20.23.20.png","type":"image\/png"}],"author":"Sigrid","twitter_card":"summary_large_image","twitter_misc":{"Written by":"Sigrid","Estimated reading time":"1 minute"},"schema":{"@context":"https:\/\/schema.org","@graph":[{"@type":"Article","@id":"https:\/\/www.nepelius.com\/jahresausstellung-aea-ansfelden-a\/#article","isPartOf":{"@id":"https:\/\/www.nepelius.com\/jahresausstellung-aea-ansfelden-a\/"},"author":{"name":"Sigrid","@id":"https:\/\/www.nepelius.com\/#\/schema\/person\/fb48383c87e305a8d2bbad4aef3524eb"},"headline":"[:de]Jahresausstellung AEA, Ansfelden (A)[:en]annual exhibition AEA, Ansfelden (A)[:]","datePublished":"2017-11-15T20:16:27+00:00","dateModified":"2017-12-06T11:35:24+00:00","mainEntityOfPage":{"@id":"https:\/\/www.nepelius.com\/jahresausstellung-aea-ansfelden-a\/"},"wordCount":132,"publisher":{"@id":"https:\/\/www.nepelius.com\/#\/schema\/person\/fb48383c87e305a8d2bbad4aef3524eb"},"image":{"@id":"https:\/\/www.nepelius.com\/jahresausstellung-aea-ansfelden-a\/#primaryimage"},"thumbnailUrl":"https:\/\/www.nepelius.com\/wp-content\/uploads\/2017\/11\/Bildschirmfoto-2017-11-15-um-20.23.20.png","keywords":["2017","AEA","GIGA Ansfelden","Jahresausstellung","\u00d6sterreich"],"articleSection":["Aktuelles"],"inLanguage":"en-GB"},{"@type":"WebPage","@id":"https:\/\/www.nepelius.com\/jahresausstellung-aea-ansfelden-a\/","url":"https:\/\/www.nepelius.com\/jahresausstellung-aea-ansfelden-a\/","name":"[:de]Jahresausstellung AEA, Ansfelden (A)[:en]annual exhibition AEA, Ansfelden (A)[:] - Sigrid Nepelius","isPartOf":{"@id":"https:\/\/www.nepelius.com\/#website"},"primaryImageOfPage":{"@id":"https:\/\/www.nepelius.com\/jahresausstellung-aea-ansfelden-a\/#primaryimage"},"image":{"@id":"https:\/\/www.nepelius.com\/jahresausstellung-aea-ansfelden-a\/#primaryimage"},"thumbnailUrl":"https:\/\/www.nepelius.com\/wp-content\/uploads\/2017\/11\/Bildschirmfoto-2017-11-15-um-20.23.20.png","datePublished":"2017-11-15T20:16:27+00:00","dateModified":"2017-12-06T11:35:24+00:00","breadcrumb":{"@id":"https:\/\/www.nepelius.com\/jahresausstellung-aea-ansfelden-a\/#breadcrumb"},"inLanguage":"en-GB","potentialAction":[{"@type":"ReadAction","target":["https:\/\/www.nepelius.com\/jahresausstellung-aea-ansfelden-a\/"]}]},{"@type":"ImageObject","inLanguage":"en-GB","@id":"https:\/\/www.nepelius.com\/jahresausstellung-aea-ansfelden-a\/#primaryimage","url":"https:\/\/www.nepelius.com\/wp-content\/uploads\/2017\/11\/Bildschirmfoto-2017-11-15-um-20.23.20.png","contentUrl":"https:\/\/www.nepelius.com\/wp-content\/uploads\/2017\/11\/Bildschirmfoto-2017-11-15-um-20.23.20.png","width":810,"height":570},{"@type":"BreadcrumbList","@id":"https:\/\/www.nepelius.com\/jahresausstellung-aea-ansfelden-a\/#breadcrumb","itemListElement":[{"@type":"ListItem","position":1,"name":"Startseite","item":"https:\/\/www.nepelius.com\/"},{"@type":"ListItem","position":2,"name":"[:de]Jahresausstellung AEA, Ansfelden (A)[:en]annual exhibition AEA, Ansfelden (A)[:]"}]},{"@type":"WebSite","@id":"https:\/\/www.nepelius.com\/#website","url":"https:\/\/www.nepelius.com\/","name":"Sigrid Nepelius","description":"Fine Art","publisher":{"@id":"https:\/\/www.nepelius.com\/#\/schema\/person\/fb48383c87e305a8d2bbad4aef3524eb"},"potentialAction":[{"@type":"SearchAction","target":{"@type":"EntryPoint","urlTemplate":"https:\/\/www.nepelius.com\/?s={search_term_string}"},"query-input":{"@type":"PropertyValueSpecification","valueRequired":true,"valueName":"search_term_string"}}],"inLanguage":"en-GB"},{"@type":["Person","Organization"],"@id":"https:\/\/www.nepelius.com\/#\/schema\/person\/fb48383c87e305a8d2bbad4aef3524eb","name":"Sigrid","image":{"@type":"ImageObject","inLanguage":"en-GB","@id":"https:\/\/www.nepelius.com\/wp-content\/uploads\/cropped-header_neu-1.jpg","url":"https:\/\/www.nepelius.com\/wp-content\/uploads\/cropped-header_neu-1.jpg","contentUrl":"https:\/\/www.nepelius.com\/wp-content\/uploads\/cropped-header_neu-1.jpg","width":1500,"height":224,"caption":"Sigrid"},"logo":{"@id":"https:\/\/www.nepelius.com\/wp-content\/uploads\/cropped-header_neu-1.jpg"},"sameAs":["https:\/\/www.facebook.com\/sigrid.nepelius.art","https:\/\/www.instagram.com\/sigridnepeliusart\/","https:\/\/www.pinterest.at\/sigridnepelius\/"],"url":"https:\/\/www.nepelius.com\/en\/author\/sigi\/"}]}},"_links":{"self":[{"href":"https:\/\/www.nepelius.com\/en\/wp-json\/wp\/v2\/posts\/1369","targetHints":{"allow":["GET"]}}],"collection":[{"href":"https:\/\/www.nepelius.com\/en\/wp-json\/wp\/v2\/posts"}],"about":[{"href":"https:\/\/www.nepelius.com\/en\/wp-json\/wp\/v2\/types\/post"}],"author":[{"embeddable":true,"href":"https:\/\/www.nepelius.com\/en\/wp-json\/wp\/v2\/users\/2"}],"replies":[{"embeddable":true,"href":"https:\/\/www.nepelius.com\/en\/wp-json\/wp\/v2\/comments?post=1369"}],"version-history":[{"count":2,"href":"https:\/\/www.nepelius.com\/en\/wp-json\/wp\/v2\/posts\/1369\/revisions"}],"predecessor-version":[{"id":1371,"href":"https:\/\/www.nepelius.com\/en\/wp-json\/wp\/v2\/posts\/1369\/revisions\/1371"}],"wp:featuredmedia":[{"embeddable":true,"href":"https:\/\/www.nepelius.com\/en\/wp-json\/wp\/v2\/media\/1368"}],"wp:attachment":[{"href":"https:\/\/www.nepelius.com\/en\/wp-json\/wp\/v2\/media?parent=1369"}],"wp:term":[{"taxonomy":"category","embeddable":true,"href":"https:\/\/www.nepelius.com\/en\/wp-json\/wp\/v2\/categories?post=1369"},{"taxonomy":"post_tag","embeddable":true,"href":"https:\/\/www.nepelius.com\/en\/wp-json\/wp\/v2\/tags?post=1369"}],"curies":[{"name":"wp","href":"https:\/\/api.w.org\/{rel}","templated":true}]}}