{"id":1647,"date":"2018-06-04T20:35:15","date_gmt":"2018-06-04T18:35:15","guid":{"rendered":"https:\/\/www.nepelius.com\/?p=1647"},"modified":"2018-09-19T10:14:53","modified_gmt":"2018-09-19T08:14:53","slug":"realistisch-phantastisch-in-traun-at","status":"publish","type":"post","link":"https:\/\/www.nepelius.com\/en\/realistisch-phantastisch-in-traun-at\/","title":{"rendered":"[:de]&#8221;Realistisch \u2013 Phantastisch&#8221; in Traun (AT)[:en]&#8221;Realistic \u2013 Fantastic&#8221; in Traun (AT)[:]"},"content":{"rendered":"<p>[:de]<a href=\"https:\/\/www.nepelius.com\/wp-content\/uploads\/Bildschirmfoto-2018-06-04-um-20.18.01.png\"><img loading=\"lazy\" decoding=\"async\" class=\"alignleft size-medium wp-image-1648\" src=\"https:\/\/www.nepelius.com\/wp-content\/uploads\/Bildschirmfoto-2018-06-04-um-20.18.01-191x250.png\" alt=\"\" width=\"191\" height=\"250\" srcset=\"https:\/\/www.nepelius.com\/wp-content\/uploads\/Bildschirmfoto-2018-06-04-um-20.18.01-191x250.png 191w, https:\/\/www.nepelius.com\/wp-content\/uploads\/Bildschirmfoto-2018-06-04-um-20.18.01-230x300.png 230w, https:\/\/www.nepelius.com\/wp-content\/uploads\/Bildschirmfoto-2018-06-04-um-20.18.01-9x12.png 9w, https:\/\/www.nepelius.com\/wp-content\/uploads\/Bildschirmfoto-2018-06-04-um-20.18.01-460x600.png 460w, https:\/\/www.nepelius.com\/wp-content\/uploads\/Bildschirmfoto-2018-06-04-um-20.18.01.png 530w\" sizes=\"auto, (max-width: 191px) 100vw, 191px\" \/><\/a>In dieser Sommerausstellung pr\u00e4sentiert die <a href=\"http:\/\/www.traun.at\/Galerie_der_Stadt_Traun\" target=\"_blank\" rel=\"noopener\">Galerie der Stadt Traun<\/a> (AT) 7 K\u00fcnstlerinnen und K\u00fcnstler des <a href=\"http:\/\/www.kunstkreis.at\/\" target=\"_blank\" rel=\"noopener\">Europ\u00e4ischen Kunstkreises<\/a>, die sich der gegenst\u00e4ndlichen Stilrichtung verschrieben haben.<br \/>\nIch freue mich, mit dabei sein zu d\u00fcrfen und meine Arbeiten in Traun zu zeigen!<\/p>\n<p><strong>Vernissage:<\/strong> 27. Juni 2018, 19.00 Uhr<br \/>\n<strong>Ausstellungsdauer:<\/strong> 27. Juni bis 19. August 2018<br \/>\n<strong>\u00d6ffnungszeiten:<\/strong> t\u00e4glich 10.00 \u2013 18.00 Uhr[:en]<a href=\"https:\/\/www.nepelius.com\/wp-content\/uploads\/Bildschirmfoto-2018-06-04-um-20.18.01.png\"><img loading=\"lazy\" decoding=\"async\" class=\"alignleft size-medium wp-image-1648\" src=\"https:\/\/www.nepelius.com\/wp-content\/uploads\/Bildschirmfoto-2018-06-04-um-20.18.01-191x250.png\" alt=\"\" width=\"191\" height=\"250\" srcset=\"https:\/\/www.nepelius.com\/wp-content\/uploads\/Bildschirmfoto-2018-06-04-um-20.18.01-191x250.png 191w, https:\/\/www.nepelius.com\/wp-content\/uploads\/Bildschirmfoto-2018-06-04-um-20.18.01-230x300.png 230w, https:\/\/www.nepelius.com\/wp-content\/uploads\/Bildschirmfoto-2018-06-04-um-20.18.01-9x12.png 9w, https:\/\/www.nepelius.com\/wp-content\/uploads\/Bildschirmfoto-2018-06-04-um-20.18.01-460x600.png 460w, https:\/\/www.nepelius.com\/wp-content\/uploads\/Bildschirmfoto-2018-06-04-um-20.18.01.png 530w\" sizes=\"auto, (max-width: 191px) 100vw, 191px\" \/><\/a>In this\u00a0summer exhibition, the <a href=\"http:\/\/www.traun.at\/Galerie_der_Stadt_Traun\" target=\"_blank\" rel=\"noopener\">Galerie der Stadt Traun<\/a> (AT) presents 7 artists from the <a href=\"http:\/\/www.kunstkreis.at\/\" target=\"_blank\" rel=\"noopener\">European Art Circle<\/a>, who have dedicated themselves to the figurative style.<br \/>\nI am happy to be part of it and to show my work in Traun!<\/p>\n<p><strong>Opening:<\/strong> 27 June 2018, 19.00 hrs<br \/>\n<strong>Duration:<\/strong> 27 June to 19 August 2018<br \/>\n<strong>Opening hours:<\/strong> daily 10.00 &#8211; 18.00 o&#8217;clock[:]<\/p>\n","protected":false},"excerpt":{"rendered":"<p>[:de]In dieser Sommerausstellung pr\u00e4sentiert die Galerie der Stadt Traun (AT) 7 K\u00fcnstlerinnen und K\u00fcnstler des Europ\u00e4ischen Kunstkreises, die sich der gegenst\u00e4ndlichen Stilrichtung verschrieben haben. Ich freue mich, mit dabei sein zu d\u00fcrfen und meine Arbeiten in Traun zu zeigen! Vernissage: 27. Juni 2018, 19.00 Uhr Ausstellungsdauer: 27. Juni bis 19. August 2018 \u00d6ffnungszeiten: t\u00e4glich 10.00 [&hellip;]<\/p>\n","protected":false},"author":2,"featured_media":0,"comment_status":"closed","ping_status":"closed","sticky":false,"template":"","format":"standard","meta":{"zakra_page_container_layout":"customizer","zakra_page_sidebar_layout":"customizer","zakra_remove_content_margin":false,"zakra_sidebar":"customizer","zakra_transparent_header":"customizer","zakra_logo":0,"zakra_main_header_style":"default","zakra_menu_item_color":"","zakra_menu_item_hover_color":"","zakra_menu_item_active_color":"","zakra_menu_active_style":"","zakra_page_header":true,"footnotes":""},"categories":[1],"tags":[186,117,188,30,189,190],"class_list":["post-1647","post","type-post","status-publish","format-standard","hentry","category-aktuelles","tag-186","tag-ausstellung","tag-galerie-der-stadt-traun","tag-sterreich","tag-realistisch-phantastisch","tag-sommerausstellung"],"yoast_head":"<!-- This site is optimized with the Yoast SEO plugin v27.4 - https:\/\/yoast.com\/product\/yoast-seo-wordpress\/ -->\n<title>[:de]&quot;Realistisch \u2013 Phantastisch&quot; in Traun (AT)[:en]&quot;Realistic \u2013 Fantastic&quot; in Traun (AT)[:] - Sigrid Nepelius<\/title>\n<meta name=\"robots\" content=\"index, follow, max-snippet:-1, max-image-preview:large, max-video-preview:-1\" \/>\n<link rel=\"canonical\" href=\"https:\/\/www.nepelius.com\/en\/realistisch-phantastisch-in-traun-at\/\" \/>\n<meta property=\"og:locale\" content=\"en_GB\" \/>\n<meta property=\"og:type\" content=\"article\" \/>\n<meta property=\"og:title\" content=\"[:de]&quot;Realistisch \u2013 Phantastisch&quot; in Traun (AT)[:en]&quot;Realistic \u2013 Fantastic&quot; in Traun (AT)[:] - Sigrid Nepelius\" \/>\n<meta property=\"og:description\" content=\"[:de]In dieser Sommerausstellung pr\u00e4sentiert die Galerie der Stadt Traun (AT) 7 K\u00fcnstlerinnen und K\u00fcnstler des Europ\u00e4ischen Kunstkreises, die sich der gegenst\u00e4ndlichen Stilrichtung verschrieben haben. Ich freue mich, mit dabei sein zu d\u00fcrfen und meine Arbeiten in Traun zu zeigen! Vernissage: 27. Juni 2018, 19.00 Uhr Ausstellungsdauer: 27. Juni bis 19. August 2018 \u00d6ffnungszeiten: t\u00e4glich 10.00 [&hellip;]\" \/>\n<meta property=\"og:url\" content=\"https:\/\/www.nepelius.com\/en\/realistisch-phantastisch-in-traun-at\/\" \/>\n<meta property=\"og:site_name\" content=\"Sigrid Nepelius\" \/>\n<meta property=\"article:publisher\" content=\"https:\/\/www.facebook.com\/sigrid.nepelius.art\" \/>\n<meta property=\"article:author\" content=\"https:\/\/www.facebook.com\/sigrid.nepelius.art\" \/>\n<meta property=\"article:published_time\" content=\"2018-06-04T18:35:15+00:00\" \/>\n<meta property=\"article:modified_time\" content=\"2018-09-19T08:14:53+00:00\" \/>\n<meta property=\"og:image\" content=\"https:\/\/www.nepelius.com\/wp-content\/uploads\/Bildschirmfoto-2018-06-04-um-20.18.01-191x250.png\" \/>\n<meta name=\"author\" content=\"Sigrid\" \/>\n<meta name=\"twitter:card\" content=\"summary_large_image\" \/>\n<meta name=\"twitter:label1\" content=\"Written by\" \/>\n\t<meta name=\"twitter:data1\" content=\"Sigrid\" \/>\n\t<meta name=\"twitter:label2\" content=\"Estimated reading time\" \/>\n\t<meta name=\"twitter:data2\" content=\"1 minute\" \/>\n<script type=\"application\/ld+json\" class=\"yoast-schema-graph\">{\"@context\":\"https:\\\/\\\/schema.org\",\"@graph\":[{\"@type\":\"Article\",\"@id\":\"https:\\\/\\\/www.nepelius.com\\\/realistisch-phantastisch-in-traun-at\\\/#article\",\"isPartOf\":{\"@id\":\"https:\\\/\\\/www.nepelius.com\\\/realistisch-phantastisch-in-traun-at\\\/\"},\"author\":{\"name\":\"Sigrid\",\"@id\":\"https:\\\/\\\/www.nepelius.com\\\/#\\\/schema\\\/person\\\/fb48383c87e305a8d2bbad4aef3524eb\"},\"headline\":\"[:de]&#8221;Realistisch \u2013 Phantastisch&#8221; in Traun (AT)[:en]&#8221;Realistic \u2013 Fantastic&#8221; in Traun (AT)[:]\",\"datePublished\":\"2018-06-04T18:35:15+00:00\",\"dateModified\":\"2018-09-19T08:14:53+00:00\",\"mainEntityOfPage\":{\"@id\":\"https:\\\/\\\/www.nepelius.com\\\/realistisch-phantastisch-in-traun-at\\\/\"},\"wordCount\":121,\"publisher\":{\"@id\":\"https:\\\/\\\/www.nepelius.com\\\/#\\\/schema\\\/person\\\/fb48383c87e305a8d2bbad4aef3524eb\"},\"image\":{\"@id\":\"https:\\\/\\\/www.nepelius.com\\\/realistisch-phantastisch-in-traun-at\\\/#primaryimage\"},\"thumbnailUrl\":\"https:\\\/\\\/www.nepelius.com\\\/wp-content\\\/uploads\\\/Bildschirmfoto-2018-06-04-um-20.18.01-191x250.png\",\"keywords\":[\"2018\",\"Ausstellung\",\"Galerie der Stadt Traun\",\"\u00d6sterreich\",\"Realistisch-Phantastisch\",\"Sommerausstellung\"],\"articleSection\":[\"Aktuelles\"],\"inLanguage\":\"en-GB\"},{\"@type\":\"WebPage\",\"@id\":\"https:\\\/\\\/www.nepelius.com\\\/realistisch-phantastisch-in-traun-at\\\/\",\"url\":\"https:\\\/\\\/www.nepelius.com\\\/realistisch-phantastisch-in-traun-at\\\/\",\"name\":\"[:de]\\\"Realistisch \u2013 Phantastisch\\\" in Traun (AT)[:en]\\\"Realistic \u2013 Fantastic\\\" in Traun (AT)[:] - Sigrid Nepelius\",\"isPartOf\":{\"@id\":\"https:\\\/\\\/www.nepelius.com\\\/#website\"},\"primaryImageOfPage\":{\"@id\":\"https:\\\/\\\/www.nepelius.com\\\/realistisch-phantastisch-in-traun-at\\\/#primaryimage\"},\"image\":{\"@id\":\"https:\\\/\\\/www.nepelius.com\\\/realistisch-phantastisch-in-traun-at\\\/#primaryimage\"},\"thumbnailUrl\":\"https:\\\/\\\/www.nepelius.com\\\/wp-content\\\/uploads\\\/Bildschirmfoto-2018-06-04-um-20.18.01-191x250.png\",\"datePublished\":\"2018-06-04T18:35:15+00:00\",\"dateModified\":\"2018-09-19T08:14:53+00:00\",\"breadcrumb\":{\"@id\":\"https:\\\/\\\/www.nepelius.com\\\/realistisch-phantastisch-in-traun-at\\\/#breadcrumb\"},\"inLanguage\":\"en-GB\",\"potentialAction\":[{\"@type\":\"ReadAction\",\"target\":[\"https:\\\/\\\/www.nepelius.com\\\/realistisch-phantastisch-in-traun-at\\\/\"]}]},{\"@type\":\"ImageObject\",\"inLanguage\":\"en-GB\",\"@id\":\"https:\\\/\\\/www.nepelius.com\\\/realistisch-phantastisch-in-traun-at\\\/#primaryimage\",\"url\":\"https:\\\/\\\/www.nepelius.com\\\/wp-content\\\/uploads\\\/Bildschirmfoto-2018-06-04-um-20.18.01-191x250.png\",\"contentUrl\":\"https:\\\/\\\/www.nepelius.com\\\/wp-content\\\/uploads\\\/Bildschirmfoto-2018-06-04-um-20.18.01-191x250.png\"},{\"@type\":\"BreadcrumbList\",\"@id\":\"https:\\\/\\\/www.nepelius.com\\\/realistisch-phantastisch-in-traun-at\\\/#breadcrumb\",\"itemListElement\":[{\"@type\":\"ListItem\",\"position\":1,\"name\":\"Startseite\",\"item\":\"https:\\\/\\\/www.nepelius.com\\\/\"},{\"@type\":\"ListItem\",\"position\":2,\"name\":\"[:de]&#8221;Realistisch \u2013 Phantastisch&#8221; in Traun (AT)[:en]&#8221;Realistic \u2013 Fantastic&#8221; in Traun (AT)[:]\"}]},{\"@type\":\"WebSite\",\"@id\":\"https:\\\/\\\/www.nepelius.com\\\/#website\",\"url\":\"https:\\\/\\\/www.nepelius.com\\\/\",\"name\":\"Sigrid Nepelius\",\"description\":\"Fine Art\",\"publisher\":{\"@id\":\"https:\\\/\\\/www.nepelius.com\\\/#\\\/schema\\\/person\\\/fb48383c87e305a8d2bbad4aef3524eb\"},\"potentialAction\":[{\"@type\":\"SearchAction\",\"target\":{\"@type\":\"EntryPoint\",\"urlTemplate\":\"https:\\\/\\\/www.nepelius.com\\\/?s={search_term_string}\"},\"query-input\":{\"@type\":\"PropertyValueSpecification\",\"valueRequired\":true,\"valueName\":\"search_term_string\"}}],\"inLanguage\":\"en-GB\"},{\"@type\":[\"Person\",\"Organization\"],\"@id\":\"https:\\\/\\\/www.nepelius.com\\\/#\\\/schema\\\/person\\\/fb48383c87e305a8d2bbad4aef3524eb\",\"name\":\"Sigrid\",\"image\":{\"@type\":\"ImageObject\",\"inLanguage\":\"en-GB\",\"@id\":\"https:\\\/\\\/www.nepelius.com\\\/wp-content\\\/uploads\\\/cropped-header_neu-1.jpg\",\"url\":\"https:\\\/\\\/www.nepelius.com\\\/wp-content\\\/uploads\\\/cropped-header_neu-1.jpg\",\"contentUrl\":\"https:\\\/\\\/www.nepelius.com\\\/wp-content\\\/uploads\\\/cropped-header_neu-1.jpg\",\"width\":1500,\"height\":224,\"caption\":\"Sigrid\"},\"logo\":{\"@id\":\"https:\\\/\\\/www.nepelius.com\\\/wp-content\\\/uploads\\\/cropped-header_neu-1.jpg\"},\"sameAs\":[\"https:\\\/\\\/www.facebook.com\\\/sigrid.nepelius.art\",\"https:\\\/\\\/www.instagram.com\\\/sigridnepeliusart\\\/\",\"https:\\\/\\\/www.pinterest.at\\\/sigridnepelius\\\/\"],\"url\":\"https:\\\/\\\/www.nepelius.com\\\/en\\\/author\\\/sigi\\\/\"}]}<\/script>\n<!-- \/ Yoast SEO plugin. -->","yoast_head_json":{"title":"[:de]\"Realistisch \u2013 Phantastisch\" in Traun (AT)[:en]\"Realistic \u2013 Fantastic\" in Traun (AT)[:] - Sigrid Nepelius","robots":{"index":"index","follow":"follow","max-snippet":"max-snippet:-1","max-image-preview":"max-image-preview:large","max-video-preview":"max-video-preview:-1"},"canonical":"https:\/\/www.nepelius.com\/en\/realistisch-phantastisch-in-traun-at\/","og_locale":"en_GB","og_type":"article","og_title":"[:de]\"Realistisch \u2013 Phantastisch\" in Traun (AT)[:en]\"Realistic \u2013 Fantastic\" in Traun (AT)[:] - Sigrid Nepelius","og_description":"[:de]In dieser Sommerausstellung pr\u00e4sentiert die Galerie der Stadt Traun (AT) 7 K\u00fcnstlerinnen und K\u00fcnstler des Europ\u00e4ischen Kunstkreises, die sich der gegenst\u00e4ndlichen Stilrichtung verschrieben haben. Ich freue mich, mit dabei sein zu d\u00fcrfen und meine Arbeiten in Traun zu zeigen! Vernissage: 27. Juni 2018, 19.00 Uhr Ausstellungsdauer: 27. Juni bis 19. August 2018 \u00d6ffnungszeiten: t\u00e4glich 10.00 [&hellip;]","og_url":"https:\/\/www.nepelius.com\/en\/realistisch-phantastisch-in-traun-at\/","og_site_name":"Sigrid Nepelius","article_publisher":"https:\/\/www.facebook.com\/sigrid.nepelius.art","article_author":"https:\/\/www.facebook.com\/sigrid.nepelius.art","article_published_time":"2018-06-04T18:35:15+00:00","article_modified_time":"2018-09-19T08:14:53+00:00","og_image":[{"url":"https:\/\/www.nepelius.com\/wp-content\/uploads\/Bildschirmfoto-2018-06-04-um-20.18.01-191x250.png","type":"","width":"","height":""}],"author":"Sigrid","twitter_card":"summary_large_image","twitter_misc":{"Written by":"Sigrid","Estimated reading time":"1 minute"},"schema":{"@context":"https:\/\/schema.org","@graph":[{"@type":"Article","@id":"https:\/\/www.nepelius.com\/realistisch-phantastisch-in-traun-at\/#article","isPartOf":{"@id":"https:\/\/www.nepelius.com\/realistisch-phantastisch-in-traun-at\/"},"author":{"name":"Sigrid","@id":"https:\/\/www.nepelius.com\/#\/schema\/person\/fb48383c87e305a8d2bbad4aef3524eb"},"headline":"[:de]&#8221;Realistisch \u2013 Phantastisch&#8221; in Traun (AT)[:en]&#8221;Realistic \u2013 Fantastic&#8221; in Traun (AT)[:]","datePublished":"2018-06-04T18:35:15+00:00","dateModified":"2018-09-19T08:14:53+00:00","mainEntityOfPage":{"@id":"https:\/\/www.nepelius.com\/realistisch-phantastisch-in-traun-at\/"},"wordCount":121,"publisher":{"@id":"https:\/\/www.nepelius.com\/#\/schema\/person\/fb48383c87e305a8d2bbad4aef3524eb"},"image":{"@id":"https:\/\/www.nepelius.com\/realistisch-phantastisch-in-traun-at\/#primaryimage"},"thumbnailUrl":"https:\/\/www.nepelius.com\/wp-content\/uploads\/Bildschirmfoto-2018-06-04-um-20.18.01-191x250.png","keywords":["2018","Ausstellung","Galerie der Stadt Traun","\u00d6sterreich","Realistisch-Phantastisch","Sommerausstellung"],"articleSection":["Aktuelles"],"inLanguage":"en-GB"},{"@type":"WebPage","@id":"https:\/\/www.nepelius.com\/realistisch-phantastisch-in-traun-at\/","url":"https:\/\/www.nepelius.com\/realistisch-phantastisch-in-traun-at\/","name":"[:de]\"Realistisch \u2013 Phantastisch\" in Traun (AT)[:en]\"Realistic \u2013 Fantastic\" in Traun (AT)[:] - Sigrid Nepelius","isPartOf":{"@id":"https:\/\/www.nepelius.com\/#website"},"primaryImageOfPage":{"@id":"https:\/\/www.nepelius.com\/realistisch-phantastisch-in-traun-at\/#primaryimage"},"image":{"@id":"https:\/\/www.nepelius.com\/realistisch-phantastisch-in-traun-at\/#primaryimage"},"thumbnailUrl":"https:\/\/www.nepelius.com\/wp-content\/uploads\/Bildschirmfoto-2018-06-04-um-20.18.01-191x250.png","datePublished":"2018-06-04T18:35:15+00:00","dateModified":"2018-09-19T08:14:53+00:00","breadcrumb":{"@id":"https:\/\/www.nepelius.com\/realistisch-phantastisch-in-traun-at\/#breadcrumb"},"inLanguage":"en-GB","potentialAction":[{"@type":"ReadAction","target":["https:\/\/www.nepelius.com\/realistisch-phantastisch-in-traun-at\/"]}]},{"@type":"ImageObject","inLanguage":"en-GB","@id":"https:\/\/www.nepelius.com\/realistisch-phantastisch-in-traun-at\/#primaryimage","url":"https:\/\/www.nepelius.com\/wp-content\/uploads\/Bildschirmfoto-2018-06-04-um-20.18.01-191x250.png","contentUrl":"https:\/\/www.nepelius.com\/wp-content\/uploads\/Bildschirmfoto-2018-06-04-um-20.18.01-191x250.png"},{"@type":"BreadcrumbList","@id":"https:\/\/www.nepelius.com\/realistisch-phantastisch-in-traun-at\/#breadcrumb","itemListElement":[{"@type":"ListItem","position":1,"name":"Startseite","item":"https:\/\/www.nepelius.com\/"},{"@type":"ListItem","position":2,"name":"[:de]&#8221;Realistisch \u2013 Phantastisch&#8221; in Traun (AT)[:en]&#8221;Realistic \u2013 Fantastic&#8221; in Traun (AT)[:]"}]},{"@type":"WebSite","@id":"https:\/\/www.nepelius.com\/#website","url":"https:\/\/www.nepelius.com\/","name":"Sigrid Nepelius","description":"Fine Art","publisher":{"@id":"https:\/\/www.nepelius.com\/#\/schema\/person\/fb48383c87e305a8d2bbad4aef3524eb"},"potentialAction":[{"@type":"SearchAction","target":{"@type":"EntryPoint","urlTemplate":"https:\/\/www.nepelius.com\/?s={search_term_string}"},"query-input":{"@type":"PropertyValueSpecification","valueRequired":true,"valueName":"search_term_string"}}],"inLanguage":"en-GB"},{"@type":["Person","Organization"],"@id":"https:\/\/www.nepelius.com\/#\/schema\/person\/fb48383c87e305a8d2bbad4aef3524eb","name":"Sigrid","image":{"@type":"ImageObject","inLanguage":"en-GB","@id":"https:\/\/www.nepelius.com\/wp-content\/uploads\/cropped-header_neu-1.jpg","url":"https:\/\/www.nepelius.com\/wp-content\/uploads\/cropped-header_neu-1.jpg","contentUrl":"https:\/\/www.nepelius.com\/wp-content\/uploads\/cropped-header_neu-1.jpg","width":1500,"height":224,"caption":"Sigrid"},"logo":{"@id":"https:\/\/www.nepelius.com\/wp-content\/uploads\/cropped-header_neu-1.jpg"},"sameAs":["https:\/\/www.facebook.com\/sigrid.nepelius.art","https:\/\/www.instagram.com\/sigridnepeliusart\/","https:\/\/www.pinterest.at\/sigridnepelius\/"],"url":"https:\/\/www.nepelius.com\/en\/author\/sigi\/"}]}},"_links":{"self":[{"href":"https:\/\/www.nepelius.com\/en\/wp-json\/wp\/v2\/posts\/1647","targetHints":{"allow":["GET"]}}],"collection":[{"href":"https:\/\/www.nepelius.com\/en\/wp-json\/wp\/v2\/posts"}],"about":[{"href":"https:\/\/www.nepelius.com\/en\/wp-json\/wp\/v2\/types\/post"}],"author":[{"embeddable":true,"href":"https:\/\/www.nepelius.com\/en\/wp-json\/wp\/v2\/users\/2"}],"replies":[{"embeddable":true,"href":"https:\/\/www.nepelius.com\/en\/wp-json\/wp\/v2\/comments?post=1647"}],"version-history":[{"count":3,"href":"https:\/\/www.nepelius.com\/en\/wp-json\/wp\/v2\/posts\/1647\/revisions"}],"predecessor-version":[{"id":1714,"href":"https:\/\/www.nepelius.com\/en\/wp-json\/wp\/v2\/posts\/1647\/revisions\/1714"}],"wp:attachment":[{"href":"https:\/\/www.nepelius.com\/en\/wp-json\/wp\/v2\/media?parent=1647"}],"wp:term":[{"taxonomy":"category","embeddable":true,"href":"https:\/\/www.nepelius.com\/en\/wp-json\/wp\/v2\/categories?post=1647"},{"taxonomy":"post_tag","embeddable":true,"href":"https:\/\/www.nepelius.com\/en\/wp-json\/wp\/v2\/tags?post=1647"}],"curies":[{"name":"wp","href":"https:\/\/api.w.org\/{rel}","templated":true}]}}