{"id":404,"date":"2010-11-09T12:26:47","date_gmt":"2010-11-09T11:26:47","guid":{"rendered":"https:\/\/www.nepelius.com\/?p=404"},"modified":"2010-11-21T19:22:38","modified_gmt":"2010-11-21T18:22:38","slug":"visionary-art-jahrbuch","status":"publish","type":"post","link":"https:\/\/www.nepelius.com\/en\/visionary-art-jahrbuch\/","title":{"rendered":"<!--:de-->Visionary Art Jahrbuch<!--:--><!--:en-->Visionary Art yearbook<!--:-->"},"content":{"rendered":"<p><!--:de--><a title=\"Cover\" rel=\"lightbox\" href=\"https:\/\/www.nepelius.com\/wp-content\/uploads\/2010\/11\/Bild-1.png\"><img loading=\"lazy\" decoding=\"async\" class=\"alignleft size-thumbnail wp-image-405\" title=\"Cover\" src=\"https:\/\/www.nepelius.com\/wp-content\/uploads\/2010\/11\/Bild-1-81x100.png\" alt=\"Cover\" width=\"81\" height=\"100\" srcset=\"https:\/\/www.nepelius.com\/wp-content\/uploads\/2010\/11\/Bild-1-81x100.png 81w, https:\/\/www.nepelius.com\/wp-content\/uploads\/2010\/11\/Bild-1-245x300.png 245w, https:\/\/www.nepelius.com\/wp-content\/uploads\/2010\/11\/Bild-1-490x600.png 490w, https:\/\/www.nepelius.com\/wp-content\/uploads\/2010\/11\/Bild-1-10x12.png 10w, https:\/\/www.nepelius.com\/wp-content\/uploads\/2010\/11\/Bild-1-204x250.png 204w, https:\/\/www.nepelius.com\/wp-content\/uploads\/2010\/11\/Bild-1-489x600.png 489w, https:\/\/www.nepelius.com\/wp-content\/uploads\/2010\/11\/Bild-1-122x150.png 122w, https:\/\/www.nepelius.com\/wp-content\/uploads\/2010\/11\/Bild-1-400x490.png 400w, https:\/\/www.nepelius.com\/wp-content\/uploads\/2010\/11\/Bild-1.png 493w\" sizes=\"auto, (max-width: 81px) 100vw, 81px\" \/><\/a>Vor ca. einem Jahr hat mich <a title=\"Webseite Otto Rapp\" href=\"http:\/\/www.telusplanet.net\/public\/ottorapp\/\" target=\"_blank\">Otto Rapp<\/a> in sein privates Visionary Art Netzwerk eingeladen und seitdem habe ich viele Kollegen und Kolleginnen n\u00e4her kennenlernen d\u00fcrfen. Das <a title=\"Galerie Visionary Art Netzwerk\" href=\"http:\/\/visionaryartgallery.weebly.com\/index.html\" target=\"_blank\">Visionary Art Netzwerk<\/a> erfreut sich gro\u00dfer Beliebtheit sowohl bei K\u00fcnstlern als auch bei Interessierten und die Anzahl der Mitglieder steigt kontinuierlich.<br \/>\nUm einen \u00dcberblick \u00fcber die vielen talentierten K\u00fcnstler zu geben, hat Otto Rapp nun das erste Visionary Art Jahrbuch herausgegeben.<!--:--><!--:en--><a title=\"Cover\" rel=\"lightbox\" href=\"https:\/\/www.nepelius.com\/wp-content\/uploads\/2010\/11\/Bild-1.png\"><img loading=\"lazy\" decoding=\"async\" class=\"alignleft\" title=\"Cover\" src=\"https:\/\/www.nepelius.com\/wp-content\/uploads\/2010\/11\/Bild-1-81x100.png\" alt=\"Cover\" width=\"81\" height=\"100\" \/><\/a>About a year ago <a title=\"Webseite Otto Rapp\" href=\"http:\/\/www.telusplanet.net\/public\/ottorapp\/\" target=\"_blank\">Otto Rapp<\/a> invited me to his private Visionary Art Network and since then I came in closer contact with many fellow artists. The <a title=\"Galerie Visionary Art Netzwerk\" href=\"http:\/\/visionaryartgallery.weebly.com\/index.html\" target=\"_blank\">Visionary Art Network<\/a> is extremely popular with both artists and those interested in art and the number of members is increasing steadily. To give an overview of the many talented artists, Otto Rapp has now published the first Visionary Art Yearbook.<!--:--><!--more--><!--:de--> In tollem Layout zeigt es mit \u00fcber 400 Bildern und Illustrationen eindrucksvoll die unterschiedlichen Stile der Gemeinschaft, unter ihnen viele der besten Visionary Art K\u00fcnstler der Welt.<\/p>\n<p><a title=\"Essay\" rel=\"lightbox\" href=\"https:\/\/www.nepelius.com\/wp-content\/uploads\/2010\/11\/Bild-10.png\"><img loading=\"lazy\" decoding=\"async\" class=\"alignleft size-thumbnail wp-image-407\" title=\"Essay\" src=\"https:\/\/www.nepelius.com\/wp-content\/uploads\/2010\/11\/Bild-10-100x61.png\" alt=\"Essay\" width=\"100\" height=\"61\" srcset=\"https:\/\/www.nepelius.com\/wp-content\/uploads\/2010\/11\/Bild-10-100x61.png 100w, https:\/\/www.nepelius.com\/wp-content\/uploads\/2010\/11\/Bild-10-300x184.png 300w, https:\/\/www.nepelius.com\/wp-content\/uploads\/2010\/11\/Bild-10-925x566.png 925w, https:\/\/www.nepelius.com\/wp-content\/uploads\/2010\/11\/Bild-10-768x470.png 768w, https:\/\/www.nepelius.com\/wp-content\/uploads\/2010\/11\/Bild-10-18x12.png 18w, https:\/\/www.nepelius.com\/wp-content\/uploads\/2010\/11\/Bild-10-600x367.png 600w, https:\/\/www.nepelius.com\/wp-content\/uploads\/2010\/11\/Bild-10-250x153.png 250w, https:\/\/www.nepelius.com\/wp-content\/uploads\/2010\/11\/Bild-10-150x91.png 150w, https:\/\/www.nepelius.com\/wp-content\/uploads\/2010\/11\/Bild-10-400x244.png 400w, https:\/\/www.nepelius.com\/wp-content\/uploads\/2010\/11\/Bild-10.png 957w\" sizes=\"auto, (max-width: 100px) 100vw, 100px\" \/><\/a>Als Otto mich um einen kurzen englischen Text zur vision\u00e4ren Kunst f\u00fcr das Jahrbuch bat, f\u00fchlte ich mich total geehrt &#8211; und kam seiner Bitte nat\u00fcrlich gerne nach. Mit ein wenig Englisch-Feinschliff von Otto ist der Text nun auf Seite 146 zu finden, neben einem Text von <a title=\"Webseite Delvin Solkinson\" href=\"http:\/\/elvism.squarespace.com\/\" target=\"_blank\">Delvin Solkinson<\/a>, den ich nicht nur seiner Kunst wegen, sondern auch wegen seines gro\u00dfen Engagements in Sachen Permakultur sehr sch\u00e4tze.<\/p>\n<p><a title=\"Bild\" rel=\"lightbox\" href=\"https:\/\/www.nepelius.com\/wp-content\/uploads\/2010\/11\/Bild-9.png\"><img loading=\"lazy\" decoding=\"async\" class=\"alignleft size-thumbnail wp-image-406\" title=\"Bild\" src=\"https:\/\/www.nepelius.com\/wp-content\/uploads\/2010\/11\/Bild-9-100x60.png\" alt=\"Bild\" width=\"100\" height=\"60\" srcset=\"https:\/\/www.nepelius.com\/wp-content\/uploads\/2010\/11\/Bild-9-100x60.png 100w, https:\/\/www.nepelius.com\/wp-content\/uploads\/2010\/11\/Bild-9-300x180.png 300w, https:\/\/www.nepelius.com\/wp-content\/uploads\/2010\/11\/Bild-9-925x555.png 925w, https:\/\/www.nepelius.com\/wp-content\/uploads\/2010\/11\/Bild-9-768x461.png 768w, https:\/\/www.nepelius.com\/wp-content\/uploads\/2010\/11\/Bild-9-18x12.png 18w, https:\/\/www.nepelius.com\/wp-content\/uploads\/2010\/11\/Bild-9-600x360.png 600w, https:\/\/www.nepelius.com\/wp-content\/uploads\/2010\/11\/Bild-9-250x150.png 250w, https:\/\/www.nepelius.com\/wp-content\/uploads\/2010\/11\/Bild-9-150x90.png 150w, https:\/\/www.nepelius.com\/wp-content\/uploads\/2010\/11\/Bild-9-400x240.png 400w, https:\/\/www.nepelius.com\/wp-content\/uploads\/2010\/11\/Bild-9.png 973w\" sizes=\"auto, (max-width: 100px) 100vw, 100px\" \/><\/a>Es freut mich au\u00dferdem ganz besonders, dass mein Bild &#8220;Gedankenwelt&#8221; neben so vielen gro\u00dfartigen Werken im Visionary Art Jahrbuch abgebildet ist. Auf Seite 101 befindet es sich in bester \u00f6sterreichischer Gesellschaft von <a title=\"Webseite Silvia Pecha\" href=\"http:\/\/www.silviapecha.com\/\" target=\"_blank\">Silvia Pechas<\/a>, <a title=\"Webseite Franz Landl\" href=\"http:\/\/canamo.piranho.de\/\" target=\"_blank\">Franz Landls<\/a> und <a title=\"Webseite Ernst Neuhold\" href=\"http:\/\/www.mygall.net\/Thupten\" target=\"_blank\">Ernst Neuholds<\/a> Bildern.<\/p>\n<p><a title=\"Buch bei Blurb ansehen\" href=\"http:\/\/www.blurb.com\/bookstore\/detail\/1689052\" target=\"_blank\">Visionary Art Yearbook 2010 &#8211; 2011, erh\u00e4ltlich bei Blurb.<\/a><!--:--><!--:en--> In  a great layout, it shows with over 400 pictures and illustrations  impressively the different styles of the community, including many of  the best visionary artists in the world.<\/p>\n<p><a title=\"essay\" rel=\"lightbox\" href=\"https:\/\/www.nepelius.com\/wp-content\/uploads\/2010\/11\/Bild-10.png\"><img loading=\"lazy\" decoding=\"async\" class=\"alignleft\" title=\"Essay\" src=\"https:\/\/www.nepelius.com\/wp-content\/uploads\/2010\/11\/Bild-10-100x61.png\" alt=\"Essay\" width=\"100\" height=\"61\" \/><\/a>When  Otto asked me for a short English text about visionary art for the  yearbook, I felt totally honored &#8211; and was of course happy  to comply his request. With a little English-fine grinding from Otto, the text can now be found on page 146, next to a text by <a title=\"Webseite Delvin Solkinson\" href=\"http:\/\/elvism.squarespace.com\/\" target=\"_blank\">Delvin Solkinson<\/a>, whom I absolutely esteem not only because of his art, but also for his great commitment to permaculture projects.<\/p>\n<p><a title=\"Picture\" rel=\"lightbox\" href=\"https:\/\/www.nepelius.com\/wp-content\/uploads\/2010\/11\/Bild-9.png\"><img loading=\"lazy\" decoding=\"async\" class=\"alignleft\" title=\"Bild\" src=\"https:\/\/www.nepelius.com\/wp-content\/uploads\/2010\/11\/Bild-9-100x60.png\" alt=\"Bild\" width=\"100\" height=\"60\" \/><\/a>It  also makes me particularly pleased that my image &#8220;World of Thoughts&#8221;  is depicted beside so many great works in the Visionary Art Yearbook. On page 101 it is in best Austrian company with <a title=\"Webseite Silvia Pecha\" href=\"http:\/\/www.silviapecha.com\/\" target=\"_blank\">Silvia Pechas<\/a>, <a title=\"Webseite Franz Landl\" href=\"http:\/\/canamo.piranho.de\/\" target=\"_blank\">Franz Landls<\/a> and <a title=\"Webseite Ernst Neuhold\" href=\"http:\/\/www.mygall.net\/Thupten\" target=\"_blank\">Ernst Neuholds<\/a> pictures.<\/p>\n<p><a title=\"Buch bei Blurb ansehen\" href=\"http:\/\/www.blurb.com\/bookstore\/detail\/1689052\" target=\"_blank\">Visionary Art Yearbook 2010 &#8211; 2011, available at Blurb.<\/a><!--:--><\/p>","protected":false},"excerpt":{"rendered":"<p><!--:de-->Vor ca. einem Jahr hat mich Otto Rapp in sein privates Visionary Art Netzwerk eingeladen und seitdem habe ich viele Kollegen und Kolleginnen n\u00e4her kennenlernen d\u00fcrfen. Um einen \u00dcberblick \u00fcber die vielen talentierten K\u00fcnstler zu geben, hat Otto Rapp nun das erste Visionary Art Jahrbuch herausgegeben.<!--:--><\/p>","protected":false},"author":2,"featured_media":405,"comment_status":"open","ping_status":"open","sticky":false,"template":"","format":"standard","meta":{"zakra_page_container_layout":"customizer","zakra_page_sidebar_layout":"customizer","zakra_remove_content_margin":false,"zakra_sidebar":"customizer","zakra_transparent_header":"customizer","zakra_logo":0,"zakra_main_header_style":"default","zakra_menu_item_color":"","zakra_menu_item_hover_color":"","zakra_menu_item_active_color":"","zakra_menu_active_style":"","zakra_page_header":true,"footnotes":""},"categories":[1],"tags":[24,23,22,25],"class_list":["post-404","post","type-post","status-publish","format-standard","has-post-thumbnail","hentry","category-aktuelles","tag-jahrbuch","tag-otto-rapp","tag-visionary-art-network","tag-yearbook"],"yoast_head":"<!-- This site is optimized with the Yoast SEO plugin v27.4 - https:\/\/yoast.com\/product\/yoast-seo-wordpress\/ -->\n<title>Visionary Art JahrbuchVisionary Art yearbook - Sigrid Nepelius<\/title>\n<meta name=\"robots\" content=\"index, follow, max-snippet:-1, max-image-preview:large, max-video-preview:-1\" \/>\n<link rel=\"canonical\" href=\"https:\/\/www.nepelius.com\/en\/visionary-art-jahrbuch\/\" \/>\n<meta property=\"og:locale\" content=\"en_GB\" \/>\n<meta property=\"og:type\" content=\"article\" \/>\n<meta property=\"og:title\" content=\"Visionary Art JahrbuchVisionary Art yearbook - Sigrid Nepelius\" \/>\n<meta property=\"og:description\" content=\"Vor ca. einem Jahr hat mich Otto Rapp in sein privates Visionary Art Netzwerk eingeladen und seitdem habe ich viele Kollegen und Kolleginnen n\u00e4her kennenlernen d\u00fcrfen. Um einen \u00dcberblick \u00fcber die vielen talentierten K\u00fcnstler zu geben, hat Otto Rapp nun das erste Visionary Art Jahrbuch herausgegeben.\" \/>\n<meta property=\"og:url\" content=\"https:\/\/www.nepelius.com\/en\/visionary-art-jahrbuch\/\" \/>\n<meta property=\"og:site_name\" content=\"Sigrid Nepelius\" \/>\n<meta property=\"article:publisher\" content=\"https:\/\/www.facebook.com\/sigrid.nepelius.art\" \/>\n<meta property=\"article:author\" content=\"https:\/\/www.facebook.com\/sigrid.nepelius.art\" \/>\n<meta property=\"article:published_time\" content=\"2010-11-09T11:26:47+00:00\" \/>\n<meta property=\"article:modified_time\" content=\"2010-11-21T18:22:38+00:00\" \/>\n<meta property=\"og:image\" content=\"https:\/\/www.nepelius.com\/wp-content\/uploads\/2010\/11\/Bild-1.png\" \/>\n\t<meta property=\"og:image:width\" content=\"493\" \/>\n\t<meta property=\"og:image:height\" content=\"604\" \/>\n\t<meta property=\"og:image:type\" content=\"image\/png\" \/>\n<meta name=\"author\" content=\"Sigrid\" \/>\n<meta name=\"twitter:card\" content=\"summary_large_image\" \/>\n<meta name=\"twitter:label1\" content=\"Written by\" \/>\n\t<meta name=\"twitter:data1\" content=\"Sigrid\" \/>\n\t<meta name=\"twitter:label2\" content=\"Estimated reading time\" \/>\n\t<meta name=\"twitter:data2\" content=\"2 minutes\" \/>\n<script type=\"application\/ld+json\" class=\"yoast-schema-graph\">{\"@context\":\"https:\\\/\\\/schema.org\",\"@graph\":[{\"@type\":\"Article\",\"@id\":\"https:\\\/\\\/www.nepelius.com\\\/en\\\/visionary-art-jahrbuch\\\/#article\",\"isPartOf\":{\"@id\":\"https:\\\/\\\/www.nepelius.com\\\/en\\\/visionary-art-jahrbuch\\\/\"},\"author\":{\"name\":\"Sigrid\",\"@id\":\"https:\\\/\\\/www.nepelius.com\\\/#\\\/schema\\\/person\\\/fb48383c87e305a8d2bbad4aef3524eb\"},\"headline\":\"Visionary Art JahrbuchVisionary Art yearbook\",\"datePublished\":\"2010-11-09T11:26:47+00:00\",\"dateModified\":\"2010-11-21T18:22:38+00:00\",\"mainEntityOfPage\":{\"@id\":\"https:\\\/\\\/www.nepelius.com\\\/en\\\/visionary-art-jahrbuch\\\/\"},\"wordCount\":441,\"commentCount\":0,\"publisher\":{\"@id\":\"https:\\\/\\\/www.nepelius.com\\\/#\\\/schema\\\/person\\\/fb48383c87e305a8d2bbad4aef3524eb\"},\"image\":{\"@id\":\"https:\\\/\\\/www.nepelius.com\\\/en\\\/visionary-art-jahrbuch\\\/#primaryimage\"},\"thumbnailUrl\":\"https:\\\/\\\/www.nepelius.com\\\/wp-content\\\/uploads\\\/2010\\\/11\\\/Bild-1.png\",\"keywords\":[\"Jahrbuch\",\"Otto Rapp\",\"Visionary Art Network\",\"Yearbook\"],\"articleSection\":[\"Aktuelles\"],\"inLanguage\":\"en-GB\",\"potentialAction\":[{\"@type\":\"CommentAction\",\"name\":\"Comment\",\"target\":[\"https:\\\/\\\/www.nepelius.com\\\/en\\\/visionary-art-jahrbuch\\\/#respond\"]}]},{\"@type\":\"WebPage\",\"@id\":\"https:\\\/\\\/www.nepelius.com\\\/en\\\/visionary-art-jahrbuch\\\/\",\"url\":\"https:\\\/\\\/www.nepelius.com\\\/en\\\/visionary-art-jahrbuch\\\/\",\"name\":\"Visionary Art JahrbuchVisionary Art yearbook - Sigrid Nepelius\",\"isPartOf\":{\"@id\":\"https:\\\/\\\/www.nepelius.com\\\/#website\"},\"primaryImageOfPage\":{\"@id\":\"https:\\\/\\\/www.nepelius.com\\\/en\\\/visionary-art-jahrbuch\\\/#primaryimage\"},\"image\":{\"@id\":\"https:\\\/\\\/www.nepelius.com\\\/en\\\/visionary-art-jahrbuch\\\/#primaryimage\"},\"thumbnailUrl\":\"https:\\\/\\\/www.nepelius.com\\\/wp-content\\\/uploads\\\/2010\\\/11\\\/Bild-1.png\",\"datePublished\":\"2010-11-09T11:26:47+00:00\",\"dateModified\":\"2010-11-21T18:22:38+00:00\",\"breadcrumb\":{\"@id\":\"https:\\\/\\\/www.nepelius.com\\\/en\\\/visionary-art-jahrbuch\\\/#breadcrumb\"},\"inLanguage\":\"en-GB\",\"potentialAction\":[{\"@type\":\"ReadAction\",\"target\":[\"https:\\\/\\\/www.nepelius.com\\\/en\\\/visionary-art-jahrbuch\\\/\"]}]},{\"@type\":\"ImageObject\",\"inLanguage\":\"en-GB\",\"@id\":\"https:\\\/\\\/www.nepelius.com\\\/en\\\/visionary-art-jahrbuch\\\/#primaryimage\",\"url\":\"https:\\\/\\\/www.nepelius.com\\\/wp-content\\\/uploads\\\/2010\\\/11\\\/Bild-1.png\",\"contentUrl\":\"https:\\\/\\\/www.nepelius.com\\\/wp-content\\\/uploads\\\/2010\\\/11\\\/Bild-1.png\",\"width\":493,\"height\":604,\"caption\":\"Cover\"},{\"@type\":\"BreadcrumbList\",\"@id\":\"https:\\\/\\\/www.nepelius.com\\\/en\\\/visionary-art-jahrbuch\\\/#breadcrumb\",\"itemListElement\":[{\"@type\":\"ListItem\",\"position\":1,\"name\":\"Startseite\",\"item\":\"https:\\\/\\\/www.nepelius.com\\\/\"},{\"@type\":\"ListItem\",\"position\":2,\"name\":\"Visionary Art JahrbuchVisionary Art yearbook\"}]},{\"@type\":\"WebSite\",\"@id\":\"https:\\\/\\\/www.nepelius.com\\\/#website\",\"url\":\"https:\\\/\\\/www.nepelius.com\\\/\",\"name\":\"Sigrid Nepelius\",\"description\":\"Fine Art\",\"publisher\":{\"@id\":\"https:\\\/\\\/www.nepelius.com\\\/#\\\/schema\\\/person\\\/fb48383c87e305a8d2bbad4aef3524eb\"},\"potentialAction\":[{\"@type\":\"SearchAction\",\"target\":{\"@type\":\"EntryPoint\",\"urlTemplate\":\"https:\\\/\\\/www.nepelius.com\\\/?s={search_term_string}\"},\"query-input\":{\"@type\":\"PropertyValueSpecification\",\"valueRequired\":true,\"valueName\":\"search_term_string\"}}],\"inLanguage\":\"en-GB\"},{\"@type\":[\"Person\",\"Organization\"],\"@id\":\"https:\\\/\\\/www.nepelius.com\\\/#\\\/schema\\\/person\\\/fb48383c87e305a8d2bbad4aef3524eb\",\"name\":\"Sigrid\",\"image\":{\"@type\":\"ImageObject\",\"inLanguage\":\"en-GB\",\"@id\":\"https:\\\/\\\/www.nepelius.com\\\/wp-content\\\/uploads\\\/cropped-header_neu-1.jpg\",\"url\":\"https:\\\/\\\/www.nepelius.com\\\/wp-content\\\/uploads\\\/cropped-header_neu-1.jpg\",\"contentUrl\":\"https:\\\/\\\/www.nepelius.com\\\/wp-content\\\/uploads\\\/cropped-header_neu-1.jpg\",\"width\":1500,\"height\":224,\"caption\":\"Sigrid\"},\"logo\":{\"@id\":\"https:\\\/\\\/www.nepelius.com\\\/wp-content\\\/uploads\\\/cropped-header_neu-1.jpg\"},\"sameAs\":[\"https:\\\/\\\/www.facebook.com\\\/sigrid.nepelius.art\",\"https:\\\/\\\/www.instagram.com\\\/sigridnepeliusart\\\/\",\"https:\\\/\\\/www.pinterest.at\\\/sigridnepelius\\\/\"],\"url\":\"https:\\\/\\\/www.nepelius.com\\\/en\\\/author\\\/sigi\\\/\"}]}<\/script>\n<!-- \/ Yoast SEO plugin. -->","yoast_head_json":{"title":"Visionary Art JahrbuchVisionary Art yearbook - Sigrid Nepelius","robots":{"index":"index","follow":"follow","max-snippet":"max-snippet:-1","max-image-preview":"max-image-preview:large","max-video-preview":"max-video-preview:-1"},"canonical":"https:\/\/www.nepelius.com\/en\/visionary-art-jahrbuch\/","og_locale":"en_GB","og_type":"article","og_title":"Visionary Art JahrbuchVisionary Art yearbook - Sigrid Nepelius","og_description":"Vor ca. einem Jahr hat mich Otto Rapp in sein privates Visionary Art Netzwerk eingeladen und seitdem habe ich viele Kollegen und Kolleginnen n\u00e4her kennenlernen d\u00fcrfen. Um einen \u00dcberblick \u00fcber die vielen talentierten K\u00fcnstler zu geben, hat Otto Rapp nun das erste Visionary Art Jahrbuch herausgegeben.","og_url":"https:\/\/www.nepelius.com\/en\/visionary-art-jahrbuch\/","og_site_name":"Sigrid Nepelius","article_publisher":"https:\/\/www.facebook.com\/sigrid.nepelius.art","article_author":"https:\/\/www.facebook.com\/sigrid.nepelius.art","article_published_time":"2010-11-09T11:26:47+00:00","article_modified_time":"2010-11-21T18:22:38+00:00","og_image":[{"width":493,"height":604,"url":"https:\/\/www.nepelius.com\/wp-content\/uploads\/2010\/11\/Bild-1.png","type":"image\/png"}],"author":"Sigrid","twitter_card":"summary_large_image","twitter_misc":{"Written by":"Sigrid","Estimated reading time":"2 minutes"},"schema":{"@context":"https:\/\/schema.org","@graph":[{"@type":"Article","@id":"https:\/\/www.nepelius.com\/en\/visionary-art-jahrbuch\/#article","isPartOf":{"@id":"https:\/\/www.nepelius.com\/en\/visionary-art-jahrbuch\/"},"author":{"name":"Sigrid","@id":"https:\/\/www.nepelius.com\/#\/schema\/person\/fb48383c87e305a8d2bbad4aef3524eb"},"headline":"Visionary Art JahrbuchVisionary Art yearbook","datePublished":"2010-11-09T11:26:47+00:00","dateModified":"2010-11-21T18:22:38+00:00","mainEntityOfPage":{"@id":"https:\/\/www.nepelius.com\/en\/visionary-art-jahrbuch\/"},"wordCount":441,"commentCount":0,"publisher":{"@id":"https:\/\/www.nepelius.com\/#\/schema\/person\/fb48383c87e305a8d2bbad4aef3524eb"},"image":{"@id":"https:\/\/www.nepelius.com\/en\/visionary-art-jahrbuch\/#primaryimage"},"thumbnailUrl":"https:\/\/www.nepelius.com\/wp-content\/uploads\/2010\/11\/Bild-1.png","keywords":["Jahrbuch","Otto Rapp","Visionary Art Network","Yearbook"],"articleSection":["Aktuelles"],"inLanguage":"en-GB","potentialAction":[{"@type":"CommentAction","name":"Comment","target":["https:\/\/www.nepelius.com\/en\/visionary-art-jahrbuch\/#respond"]}]},{"@type":"WebPage","@id":"https:\/\/www.nepelius.com\/en\/visionary-art-jahrbuch\/","url":"https:\/\/www.nepelius.com\/en\/visionary-art-jahrbuch\/","name":"Visionary Art JahrbuchVisionary Art yearbook - Sigrid Nepelius","isPartOf":{"@id":"https:\/\/www.nepelius.com\/#website"},"primaryImageOfPage":{"@id":"https:\/\/www.nepelius.com\/en\/visionary-art-jahrbuch\/#primaryimage"},"image":{"@id":"https:\/\/www.nepelius.com\/en\/visionary-art-jahrbuch\/#primaryimage"},"thumbnailUrl":"https:\/\/www.nepelius.com\/wp-content\/uploads\/2010\/11\/Bild-1.png","datePublished":"2010-11-09T11:26:47+00:00","dateModified":"2010-11-21T18:22:38+00:00","breadcrumb":{"@id":"https:\/\/www.nepelius.com\/en\/visionary-art-jahrbuch\/#breadcrumb"},"inLanguage":"en-GB","potentialAction":[{"@type":"ReadAction","target":["https:\/\/www.nepelius.com\/en\/visionary-art-jahrbuch\/"]}]},{"@type":"ImageObject","inLanguage":"en-GB","@id":"https:\/\/www.nepelius.com\/en\/visionary-art-jahrbuch\/#primaryimage","url":"https:\/\/www.nepelius.com\/wp-content\/uploads\/2010\/11\/Bild-1.png","contentUrl":"https:\/\/www.nepelius.com\/wp-content\/uploads\/2010\/11\/Bild-1.png","width":493,"height":604,"caption":"Cover"},{"@type":"BreadcrumbList","@id":"https:\/\/www.nepelius.com\/en\/visionary-art-jahrbuch\/#breadcrumb","itemListElement":[{"@type":"ListItem","position":1,"name":"Startseite","item":"https:\/\/www.nepelius.com\/"},{"@type":"ListItem","position":2,"name":"Visionary Art JahrbuchVisionary Art yearbook"}]},{"@type":"WebSite","@id":"https:\/\/www.nepelius.com\/#website","url":"https:\/\/www.nepelius.com\/","name":"Sigrid Nepelius","description":"Fine Art","publisher":{"@id":"https:\/\/www.nepelius.com\/#\/schema\/person\/fb48383c87e305a8d2bbad4aef3524eb"},"potentialAction":[{"@type":"SearchAction","target":{"@type":"EntryPoint","urlTemplate":"https:\/\/www.nepelius.com\/?s={search_term_string}"},"query-input":{"@type":"PropertyValueSpecification","valueRequired":true,"valueName":"search_term_string"}}],"inLanguage":"en-GB"},{"@type":["Person","Organization"],"@id":"https:\/\/www.nepelius.com\/#\/schema\/person\/fb48383c87e305a8d2bbad4aef3524eb","name":"Sigrid","image":{"@type":"ImageObject","inLanguage":"en-GB","@id":"https:\/\/www.nepelius.com\/wp-content\/uploads\/cropped-header_neu-1.jpg","url":"https:\/\/www.nepelius.com\/wp-content\/uploads\/cropped-header_neu-1.jpg","contentUrl":"https:\/\/www.nepelius.com\/wp-content\/uploads\/cropped-header_neu-1.jpg","width":1500,"height":224,"caption":"Sigrid"},"logo":{"@id":"https:\/\/www.nepelius.com\/wp-content\/uploads\/cropped-header_neu-1.jpg"},"sameAs":["https:\/\/www.facebook.com\/sigrid.nepelius.art","https:\/\/www.instagram.com\/sigridnepeliusart\/","https:\/\/www.pinterest.at\/sigridnepelius\/"],"url":"https:\/\/www.nepelius.com\/en\/author\/sigi\/"}]}},"_links":{"self":[{"href":"https:\/\/www.nepelius.com\/en\/wp-json\/wp\/v2\/posts\/404","targetHints":{"allow":["GET"]}}],"collection":[{"href":"https:\/\/www.nepelius.com\/en\/wp-json\/wp\/v2\/posts"}],"about":[{"href":"https:\/\/www.nepelius.com\/en\/wp-json\/wp\/v2\/types\/post"}],"author":[{"embeddable":true,"href":"https:\/\/www.nepelius.com\/en\/wp-json\/wp\/v2\/users\/2"}],"replies":[{"embeddable":true,"href":"https:\/\/www.nepelius.com\/en\/wp-json\/wp\/v2\/comments?post=404"}],"version-history":[{"count":13,"href":"https:\/\/www.nepelius.com\/en\/wp-json\/wp\/v2\/posts\/404\/revisions"}],"predecessor-version":[{"id":418,"href":"https:\/\/www.nepelius.com\/en\/wp-json\/wp\/v2\/posts\/404\/revisions\/418"}],"wp:featuredmedia":[{"embeddable":true,"href":"https:\/\/www.nepelius.com\/en\/wp-json\/wp\/v2\/media\/405"}],"wp:attachment":[{"href":"https:\/\/www.nepelius.com\/en\/wp-json\/wp\/v2\/media?parent=404"}],"wp:term":[{"taxonomy":"category","embeddable":true,"href":"https:\/\/www.nepelius.com\/en\/wp-json\/wp\/v2\/categories?post=404"},{"taxonomy":"post_tag","embeddable":true,"href":"https:\/\/www.nepelius.com\/en\/wp-json\/wp\/v2\/tags?post=404"}],"curies":[{"name":"wp","href":"https:\/\/api.w.org\/{rel}","templated":true}]}}