{"id":5299,"date":"2025-10-20T13:10:08","date_gmt":"2025-10-20T11:10:08","guid":{"rendered":"https:\/\/www.nepelius.com\/?p=5299"},"modified":"2025-10-20T13:10:09","modified_gmt":"2025-10-20T11:10:09","slug":"intermezzo-in-freistadt-ooe","status":"publish","type":"post","link":"https:\/\/www.nepelius.com\/en\/intermezzo-in-freistadt-ooe\/","title":{"rendered":"\u201cIntermezzo\u201d in Freistadt (Upper Austria)"},"content":{"rendered":"<p>I am delighted to be part of the Intermezzo exhibition organized by the European Art Circle in Freistadt. On display are six 'Majestic Birds of the Month', who will thoroughly enjoy presenting themselves in the beautiful surroundings of the Brauhausgalerie.<\/p>\n\n\n\n<p><strong>Opening:<\/strong> October 23, 2025, 7:00 p.m., Brauhausgalerie<br><strong>Duration:<\/strong> October 25 to November 16, 2025<br><strong>Opening hours:<\/strong> Sat 1:00 p.m. \u2013 6:00 p.m., Sun 10:00 a.m. \u2013 3:00 p.m.<\/p>\n\n\n\n<p><\/p>","protected":false},"excerpt":{"rendered":"<p>Ich freue mich, bei der Intermezzo-Ausstellung des Europ\u00e4ischen Kunstkreises in Freistadt mit dabei zu sein. Ebenfalls mit dabei sind sechs Majest\u00e4tische Monatsv\u00f6gel, die es so richtig genie\u00dfen werden, sich im wundersch\u00f6nen Ambiente der Brauhausgalerie zu pr\u00e4sentieren. Vernissage: 23. Oktober 2025, 19.00 Uhr, BrauhausgalerieAusstellungsdauer: 25. Oktober bis 16. November 2025\u00d6ffnungszeiten: Sa 13.00 \u2013 18.00, S0 10.00 [&hellip;]<\/p>\n","protected":false},"author":2,"featured_media":5300,"comment_status":"closed","ping_status":"closed","sticky":false,"template":"","format":"standard","meta":{"zakra_page_container_layout":"customizer","zakra_page_sidebar_layout":"customizer","zakra_remove_content_margin":false,"zakra_sidebar":"customizer","zakra_transparent_header":"customizer","zakra_logo":0,"zakra_main_header_style":"default","zakra_menu_item_color":"","zakra_menu_item_hover_color":"","zakra_menu_item_active_color":"","zakra_menu_active_style":"","zakra_page_header":true,"footnotes":""},"categories":[1],"tags":[437,117,467,111,465,466,130,30,31,100],"class_list":["post-5299","post","type-post","status-publish","format-standard","has-post-thumbnail","hentry","category-aktuelles","tag-437","tag-ausstellung","tag-brauhausgalerie","tag-europaeischer-kunstkreis","tag-freistadt","tag-intermezzo","tag-oberoesterreich","tag-sterreich","tag-sigrid-nepelius","tag-vernissage"],"yoast_head":"<!-- This site is optimized with the Yoast SEO plugin v27.4 - https:\/\/yoast.com\/product\/yoast-seo-wordpress\/ -->\n<title>&quot;Intermezzo&quot; in Freistadt (O\u00d6) - Sigrid Nepelius<\/title>\n<meta name=\"robots\" content=\"index, follow, max-snippet:-1, max-image-preview:large, max-video-preview:-1\" \/>\n<link rel=\"canonical\" href=\"https:\/\/www.nepelius.com\/en\/intermezzo-in-freistadt-ooe\/\" \/>\n<meta property=\"og:locale\" content=\"en_GB\" \/>\n<meta property=\"og:type\" content=\"article\" \/>\n<meta property=\"og:title\" content=\"&quot;Intermezzo&quot; in Freistadt (O\u00d6) - Sigrid Nepelius\" \/>\n<meta property=\"og:description\" content=\"Ich freue mich, bei der Intermezzo-Ausstellung des Europ\u00e4ischen Kunstkreises in Freistadt mit dabei zu sein. Ebenfalls mit dabei sind sechs Majest\u00e4tische Monatsv\u00f6gel, die es so richtig genie\u00dfen werden, sich im wundersch\u00f6nen Ambiente der Brauhausgalerie zu pr\u00e4sentieren. Vernissage: 23. Oktober 2025, 19.00 Uhr, BrauhausgalerieAusstellungsdauer: 25. Oktober bis 16. November 2025\u00d6ffnungszeiten: Sa 13.00 \u2013 18.00, S0 10.00 [&hellip;]\" \/>\n<meta property=\"og:url\" content=\"https:\/\/www.nepelius.com\/en\/intermezzo-in-freistadt-ooe\/\" \/>\n<meta property=\"og:site_name\" content=\"Sigrid Nepelius\" \/>\n<meta property=\"article:publisher\" content=\"https:\/\/www.facebook.com\/sigrid.nepelius.art\" \/>\n<meta property=\"article:author\" content=\"https:\/\/www.facebook.com\/sigrid.nepelius.art\" \/>\n<meta property=\"article:published_time\" content=\"2025-10-20T11:10:08+00:00\" \/>\n<meta property=\"article:modified_time\" content=\"2025-10-20T11:10:09+00:00\" \/>\n<meta property=\"og:image\" content=\"https:\/\/www.nepelius.com\/wp-content\/uploads\/Plakat_Freistadt2025.jpg\" \/>\n\t<meta property=\"og:image:width\" content=\"744\" \/>\n\t<meta property=\"og:image:height\" content=\"1052\" \/>\n\t<meta property=\"og:image:type\" content=\"image\/jpeg\" \/>\n<meta name=\"author\" content=\"Sigrid\" \/>\n<meta name=\"twitter:card\" content=\"summary_large_image\" \/>\n<meta name=\"twitter:label1\" content=\"Written by\" \/>\n\t<meta name=\"twitter:data1\" content=\"Sigrid\" \/>\n\t<meta name=\"twitter:label2\" content=\"Estimated reading time\" \/>\n\t<meta name=\"twitter:data2\" content=\"1 minute\" \/>\n<script type=\"application\/ld+json\" class=\"yoast-schema-graph\">{\"@context\":\"https:\\\/\\\/schema.org\",\"@graph\":[{\"@type\":\"Article\",\"@id\":\"https:\\\/\\\/www.nepelius.com\\\/intermezzo-in-freistadt-ooe\\\/#article\",\"isPartOf\":{\"@id\":\"https:\\\/\\\/www.nepelius.com\\\/intermezzo-in-freistadt-ooe\\\/\"},\"author\":{\"name\":\"Sigrid\",\"@id\":\"https:\\\/\\\/www.nepelius.com\\\/#\\\/schema\\\/person\\\/fb48383c87e305a8d2bbad4aef3524eb\"},\"headline\":\"&#8220;Intermezzo&#8221; in Freistadt (O\u00d6)\",\"datePublished\":\"2025-10-20T11:10:08+00:00\",\"dateModified\":\"2025-10-20T11:10:09+00:00\",\"mainEntityOfPage\":{\"@id\":\"https:\\\/\\\/www.nepelius.com\\\/intermezzo-in-freistadt-ooe\\\/\"},\"wordCount\":58,\"publisher\":{\"@id\":\"https:\\\/\\\/www.nepelius.com\\\/#\\\/schema\\\/person\\\/fb48383c87e305a8d2bbad4aef3524eb\"},\"image\":{\"@id\":\"https:\\\/\\\/www.nepelius.com\\\/intermezzo-in-freistadt-ooe\\\/#primaryimage\"},\"thumbnailUrl\":\"https:\\\/\\\/www.nepelius.com\\\/wp-content\\\/uploads\\\/Plakat_Freistadt2025.jpg\",\"keywords\":[\"2025\",\"Ausstellung\",\"Brauhausgalerie\",\"Europ\u00e4ischer Kunstkreis\",\"Freistadt\",\"Intermezzo\",\"Ober\u00f6sterreich\",\"\u00d6sterreich\",\"Sigrid Nepelius\",\"Vernissage\"],\"articleSection\":[\"Aktuelles\"],\"inLanguage\":\"en-GB\"},{\"@type\":\"WebPage\",\"@id\":\"https:\\\/\\\/www.nepelius.com\\\/intermezzo-in-freistadt-ooe\\\/\",\"url\":\"https:\\\/\\\/www.nepelius.com\\\/intermezzo-in-freistadt-ooe\\\/\",\"name\":\"\\\"Intermezzo\\\" in Freistadt (O\u00d6) - Sigrid Nepelius\",\"isPartOf\":{\"@id\":\"https:\\\/\\\/www.nepelius.com\\\/#website\"},\"primaryImageOfPage\":{\"@id\":\"https:\\\/\\\/www.nepelius.com\\\/intermezzo-in-freistadt-ooe\\\/#primaryimage\"},\"image\":{\"@id\":\"https:\\\/\\\/www.nepelius.com\\\/intermezzo-in-freistadt-ooe\\\/#primaryimage\"},\"thumbnailUrl\":\"https:\\\/\\\/www.nepelius.com\\\/wp-content\\\/uploads\\\/Plakat_Freistadt2025.jpg\",\"datePublished\":\"2025-10-20T11:10:08+00:00\",\"dateModified\":\"2025-10-20T11:10:09+00:00\",\"breadcrumb\":{\"@id\":\"https:\\\/\\\/www.nepelius.com\\\/intermezzo-in-freistadt-ooe\\\/#breadcrumb\"},\"inLanguage\":\"en-GB\",\"potentialAction\":[{\"@type\":\"ReadAction\",\"target\":[\"https:\\\/\\\/www.nepelius.com\\\/intermezzo-in-freistadt-ooe\\\/\"]}]},{\"@type\":\"ImageObject\",\"inLanguage\":\"en-GB\",\"@id\":\"https:\\\/\\\/www.nepelius.com\\\/intermezzo-in-freistadt-ooe\\\/#primaryimage\",\"url\":\"https:\\\/\\\/www.nepelius.com\\\/wp-content\\\/uploads\\\/Plakat_Freistadt2025.jpg\",\"contentUrl\":\"https:\\\/\\\/www.nepelius.com\\\/wp-content\\\/uploads\\\/Plakat_Freistadt2025.jpg\",\"width\":744,\"height\":1052},{\"@type\":\"BreadcrumbList\",\"@id\":\"https:\\\/\\\/www.nepelius.com\\\/intermezzo-in-freistadt-ooe\\\/#breadcrumb\",\"itemListElement\":[{\"@type\":\"ListItem\",\"position\":1,\"name\":\"Startseite\",\"item\":\"https:\\\/\\\/www.nepelius.com\\\/\"},{\"@type\":\"ListItem\",\"position\":2,\"name\":\"&#8220;Intermezzo&#8221; in Freistadt (O\u00d6)\"}]},{\"@type\":\"WebSite\",\"@id\":\"https:\\\/\\\/www.nepelius.com\\\/#website\",\"url\":\"https:\\\/\\\/www.nepelius.com\\\/\",\"name\":\"Sigrid Nepelius\",\"description\":\"Fine Art\",\"publisher\":{\"@id\":\"https:\\\/\\\/www.nepelius.com\\\/#\\\/schema\\\/person\\\/fb48383c87e305a8d2bbad4aef3524eb\"},\"potentialAction\":[{\"@type\":\"SearchAction\",\"target\":{\"@type\":\"EntryPoint\",\"urlTemplate\":\"https:\\\/\\\/www.nepelius.com\\\/?s={search_term_string}\"},\"query-input\":{\"@type\":\"PropertyValueSpecification\",\"valueRequired\":true,\"valueName\":\"search_term_string\"}}],\"inLanguage\":\"en-GB\"},{\"@type\":[\"Person\",\"Organization\"],\"@id\":\"https:\\\/\\\/www.nepelius.com\\\/#\\\/schema\\\/person\\\/fb48383c87e305a8d2bbad4aef3524eb\",\"name\":\"Sigrid\",\"image\":{\"@type\":\"ImageObject\",\"inLanguage\":\"en-GB\",\"@id\":\"https:\\\/\\\/www.nepelius.com\\\/wp-content\\\/uploads\\\/cropped-header_neu-1.jpg\",\"url\":\"https:\\\/\\\/www.nepelius.com\\\/wp-content\\\/uploads\\\/cropped-header_neu-1.jpg\",\"contentUrl\":\"https:\\\/\\\/www.nepelius.com\\\/wp-content\\\/uploads\\\/cropped-header_neu-1.jpg\",\"width\":1500,\"height\":224,\"caption\":\"Sigrid\"},\"logo\":{\"@id\":\"https:\\\/\\\/www.nepelius.com\\\/wp-content\\\/uploads\\\/cropped-header_neu-1.jpg\"},\"sameAs\":[\"https:\\\/\\\/www.facebook.com\\\/sigrid.nepelius.art\",\"https:\\\/\\\/www.instagram.com\\\/sigridnepeliusart\\\/\",\"https:\\\/\\\/www.pinterest.at\\\/sigridnepelius\\\/\"],\"url\":\"https:\\\/\\\/www.nepelius.com\\\/en\\\/author\\\/sigi\\\/\"}]}<\/script>\n<!-- \/ Yoast SEO plugin. -->","yoast_head_json":{"title":"\"Intermezzo\" in Freistadt (O\u00d6) - Sigrid Nepelius","robots":{"index":"index","follow":"follow","max-snippet":"max-snippet:-1","max-image-preview":"max-image-preview:large","max-video-preview":"max-video-preview:-1"},"canonical":"https:\/\/www.nepelius.com\/en\/intermezzo-in-freistadt-ooe\/","og_locale":"en_GB","og_type":"article","og_title":"\"Intermezzo\" in Freistadt (O\u00d6) - Sigrid Nepelius","og_description":"Ich freue mich, bei der Intermezzo-Ausstellung des Europ\u00e4ischen Kunstkreises in Freistadt mit dabei zu sein. Ebenfalls mit dabei sind sechs Majest\u00e4tische Monatsv\u00f6gel, die es so richtig genie\u00dfen werden, sich im wundersch\u00f6nen Ambiente der Brauhausgalerie zu pr\u00e4sentieren. Vernissage: 23. Oktober 2025, 19.00 Uhr, BrauhausgalerieAusstellungsdauer: 25. Oktober bis 16. November 2025\u00d6ffnungszeiten: Sa 13.00 \u2013 18.00, S0 10.00 [&hellip;]","og_url":"https:\/\/www.nepelius.com\/en\/intermezzo-in-freistadt-ooe\/","og_site_name":"Sigrid Nepelius","article_publisher":"https:\/\/www.facebook.com\/sigrid.nepelius.art","article_author":"https:\/\/www.facebook.com\/sigrid.nepelius.art","article_published_time":"2025-10-20T11:10:08+00:00","article_modified_time":"2025-10-20T11:10:09+00:00","og_image":[{"width":744,"height":1052,"url":"https:\/\/www.nepelius.com\/wp-content\/uploads\/Plakat_Freistadt2025.jpg","type":"image\/jpeg"}],"author":"Sigrid","twitter_card":"summary_large_image","twitter_misc":{"Written by":"Sigrid","Estimated reading time":"1 minute"},"schema":{"@context":"https:\/\/schema.org","@graph":[{"@type":"Article","@id":"https:\/\/www.nepelius.com\/intermezzo-in-freistadt-ooe\/#article","isPartOf":{"@id":"https:\/\/www.nepelius.com\/intermezzo-in-freistadt-ooe\/"},"author":{"name":"Sigrid","@id":"https:\/\/www.nepelius.com\/#\/schema\/person\/fb48383c87e305a8d2bbad4aef3524eb"},"headline":"&#8220;Intermezzo&#8221; in Freistadt (O\u00d6)","datePublished":"2025-10-20T11:10:08+00:00","dateModified":"2025-10-20T11:10:09+00:00","mainEntityOfPage":{"@id":"https:\/\/www.nepelius.com\/intermezzo-in-freistadt-ooe\/"},"wordCount":58,"publisher":{"@id":"https:\/\/www.nepelius.com\/#\/schema\/person\/fb48383c87e305a8d2bbad4aef3524eb"},"image":{"@id":"https:\/\/www.nepelius.com\/intermezzo-in-freistadt-ooe\/#primaryimage"},"thumbnailUrl":"https:\/\/www.nepelius.com\/wp-content\/uploads\/Plakat_Freistadt2025.jpg","keywords":["2025","Ausstellung","Brauhausgalerie","Europ\u00e4ischer Kunstkreis","Freistadt","Intermezzo","Ober\u00f6sterreich","\u00d6sterreich","Sigrid Nepelius","Vernissage"],"articleSection":["Aktuelles"],"inLanguage":"en-GB"},{"@type":"WebPage","@id":"https:\/\/www.nepelius.com\/intermezzo-in-freistadt-ooe\/","url":"https:\/\/www.nepelius.com\/intermezzo-in-freistadt-ooe\/","name":"\"Intermezzo\" in Freistadt (O\u00d6) - Sigrid Nepelius","isPartOf":{"@id":"https:\/\/www.nepelius.com\/#website"},"primaryImageOfPage":{"@id":"https:\/\/www.nepelius.com\/intermezzo-in-freistadt-ooe\/#primaryimage"},"image":{"@id":"https:\/\/www.nepelius.com\/intermezzo-in-freistadt-ooe\/#primaryimage"},"thumbnailUrl":"https:\/\/www.nepelius.com\/wp-content\/uploads\/Plakat_Freistadt2025.jpg","datePublished":"2025-10-20T11:10:08+00:00","dateModified":"2025-10-20T11:10:09+00:00","breadcrumb":{"@id":"https:\/\/www.nepelius.com\/intermezzo-in-freistadt-ooe\/#breadcrumb"},"inLanguage":"en-GB","potentialAction":[{"@type":"ReadAction","target":["https:\/\/www.nepelius.com\/intermezzo-in-freistadt-ooe\/"]}]},{"@type":"ImageObject","inLanguage":"en-GB","@id":"https:\/\/www.nepelius.com\/intermezzo-in-freistadt-ooe\/#primaryimage","url":"https:\/\/www.nepelius.com\/wp-content\/uploads\/Plakat_Freistadt2025.jpg","contentUrl":"https:\/\/www.nepelius.com\/wp-content\/uploads\/Plakat_Freistadt2025.jpg","width":744,"height":1052},{"@type":"BreadcrumbList","@id":"https:\/\/www.nepelius.com\/intermezzo-in-freistadt-ooe\/#breadcrumb","itemListElement":[{"@type":"ListItem","position":1,"name":"Startseite","item":"https:\/\/www.nepelius.com\/"},{"@type":"ListItem","position":2,"name":"&#8220;Intermezzo&#8221; in Freistadt (O\u00d6)"}]},{"@type":"WebSite","@id":"https:\/\/www.nepelius.com\/#website","url":"https:\/\/www.nepelius.com\/","name":"Sigrid Nepelius","description":"Fine Art","publisher":{"@id":"https:\/\/www.nepelius.com\/#\/schema\/person\/fb48383c87e305a8d2bbad4aef3524eb"},"potentialAction":[{"@type":"SearchAction","target":{"@type":"EntryPoint","urlTemplate":"https:\/\/www.nepelius.com\/?s={search_term_string}"},"query-input":{"@type":"PropertyValueSpecification","valueRequired":true,"valueName":"search_term_string"}}],"inLanguage":"en-GB"},{"@type":["Person","Organization"],"@id":"https:\/\/www.nepelius.com\/#\/schema\/person\/fb48383c87e305a8d2bbad4aef3524eb","name":"Sigrid","image":{"@type":"ImageObject","inLanguage":"en-GB","@id":"https:\/\/www.nepelius.com\/wp-content\/uploads\/cropped-header_neu-1.jpg","url":"https:\/\/www.nepelius.com\/wp-content\/uploads\/cropped-header_neu-1.jpg","contentUrl":"https:\/\/www.nepelius.com\/wp-content\/uploads\/cropped-header_neu-1.jpg","width":1500,"height":224,"caption":"Sigrid"},"logo":{"@id":"https:\/\/www.nepelius.com\/wp-content\/uploads\/cropped-header_neu-1.jpg"},"sameAs":["https:\/\/www.facebook.com\/sigrid.nepelius.art","https:\/\/www.instagram.com\/sigridnepeliusart\/","https:\/\/www.pinterest.at\/sigridnepelius\/"],"url":"https:\/\/www.nepelius.com\/en\/author\/sigi\/"}]}},"_links":{"self":[{"href":"https:\/\/www.nepelius.com\/en\/wp-json\/wp\/v2\/posts\/5299","targetHints":{"allow":["GET"]}}],"collection":[{"href":"https:\/\/www.nepelius.com\/en\/wp-json\/wp\/v2\/posts"}],"about":[{"href":"https:\/\/www.nepelius.com\/en\/wp-json\/wp\/v2\/types\/post"}],"author":[{"embeddable":true,"href":"https:\/\/www.nepelius.com\/en\/wp-json\/wp\/v2\/users\/2"}],"replies":[{"embeddable":true,"href":"https:\/\/www.nepelius.com\/en\/wp-json\/wp\/v2\/comments?post=5299"}],"version-history":[{"count":1,"href":"https:\/\/www.nepelius.com\/en\/wp-json\/wp\/v2\/posts\/5299\/revisions"}],"predecessor-version":[{"id":5301,"href":"https:\/\/www.nepelius.com\/en\/wp-json\/wp\/v2\/posts\/5299\/revisions\/5301"}],"wp:featuredmedia":[{"embeddable":true,"href":"https:\/\/www.nepelius.com\/en\/wp-json\/wp\/v2\/media\/5300"}],"wp:attachment":[{"href":"https:\/\/www.nepelius.com\/en\/wp-json\/wp\/v2\/media?parent=5299"}],"wp:term":[{"taxonomy":"category","embeddable":true,"href":"https:\/\/www.nepelius.com\/en\/wp-json\/wp\/v2\/categories?post=5299"},{"taxonomy":"post_tag","embeddable":true,"href":"https:\/\/www.nepelius.com\/en\/wp-json\/wp\/v2\/tags?post=5299"}],"curies":[{"name":"wp","href":"https:\/\/api.w.org\/{rel}","templated":true}]}}