{"id":5379,"date":"2026-01-17T18:42:36","date_gmt":"2026-01-17T17:42:36","guid":{"rendered":"https:\/\/www.nepelius.com\/?p=5379"},"modified":"2026-01-17T18:42:38","modified_gmt":"2026-01-17T17:42:38","slug":"intermezzo-in-steyr-ooe","status":"publish","type":"post","link":"https:\/\/www.nepelius.com\/en\/intermezzo-in-steyr-ooe\/","title":{"rendered":"&#8220;Intermezzo&#8221; in Steyr (O\u00d6)"},"content":{"rendered":"<p>Die erste Ausstellung 2026 f\u00fchrt mich und meine magischen Tierwesen ins wundersch\u00f6ne Ambiente der Schlossgalerie Steyr (Schloss Lamberg). In dieser Gruppenausstellung zeigen 17 K\u00fcnstlerinnen und K\u00fcnstler des Europ\u00e4ischen Kunstkreises ihre Arbeiten. Eine spannende und vielschichtige Werkschau wartet auf die Besucher!<br>Ich freue mich sehr mit dabei zu sein und zum ersten Mal meine Arbeiten in Steyr zu zeigen.<\/p>\n\n\n\n<p><strong>Opening:<\/strong> 24. Februar 2026, 19.00 Uhr, Schlossgalerie Steyr<br><strong>Duration:<\/strong> 25. Februar bis 15. M\u00e4rz 2025<br><strong>Opening hours:<\/strong> Di bis Fr 10.00 bis 13.00 Uhr<br>Di, Do + Fr 13.30 bis 17.00 Uhr<br>Sa + So 10.00 bis 17.00 Uhr<\/p>\n\n\n\n<p><\/p>","protected":false},"excerpt":{"rendered":"<p>Die erste Ausstellung 2026 f\u00fchrt mich und meine magischen Tierwesen ins wundersch\u00f6ne Ambiente der Schlossgalerie Steyr (Schloss Lamberg). In dieser Gruppenausstellung zeigen 17 K\u00fcnstlerinnen und K\u00fcnstler des Europ\u00e4ischen Kunstkreises ihre Arbeiten. Eine spannende und vielschichtige Werkschau wartet auf die Besucher!Ich freue mich sehr mit dabei zu sein und zum ersten Mal meine Arbeiten in Steyr [&hellip;]<\/p>\n","protected":false},"author":2,"featured_media":5380,"comment_status":"closed","ping_status":"closed","sticky":false,"template":"","format":"standard","meta":{"zakra_page_container_layout":"customizer","zakra_page_sidebar_layout":"customizer","zakra_remove_content_margin":false,"zakra_sidebar":"customizer","zakra_transparent_header":"customizer","zakra_logo":0,"zakra_main_header_style":"default","zakra_menu_item_color":"","zakra_menu_item_hover_color":"","zakra_menu_item_active_color":"","zakra_menu_active_style":"","zakra_page_header":true,"footnotes":""},"categories":[1],"tags":[507,117,111,466,130,30,506,31,505,100],"class_list":["post-5379","post","type-post","status-publish","format-standard","has-post-thumbnail","hentry","category-aktuelles","tag-507","tag-ausstellung","tag-europaeischer-kunstkreis","tag-intermezzo","tag-oberoesterreich","tag-sterreich","tag-schlossgalerie-steyr","tag-sigrid-nepelius","tag-steyr","tag-vernissage"],"yoast_head":"<!-- This site is optimized with the Yoast SEO plugin v27.4 - https:\/\/yoast.com\/product\/yoast-seo-wordpress\/ -->\n<title>&quot;Intermezzo&quot; in Steyr (O\u00d6) - Sigrid Nepelius<\/title>\n<meta name=\"robots\" content=\"index, follow, max-snippet:-1, max-image-preview:large, max-video-preview:-1\" \/>\n<link rel=\"canonical\" href=\"https:\/\/www.nepelius.com\/en\/intermezzo-in-steyr-ooe\/\" \/>\n<meta property=\"og:locale\" content=\"en_GB\" \/>\n<meta property=\"og:type\" content=\"article\" \/>\n<meta property=\"og:title\" content=\"&quot;Intermezzo&quot; in Steyr (O\u00d6) - Sigrid Nepelius\" \/>\n<meta property=\"og:description\" content=\"Die erste Ausstellung 2026 f\u00fchrt mich und meine magischen Tierwesen ins wundersch\u00f6ne Ambiente der Schlossgalerie Steyr (Schloss Lamberg). In dieser Gruppenausstellung zeigen 17 K\u00fcnstlerinnen und K\u00fcnstler des Europ\u00e4ischen Kunstkreises ihre Arbeiten. Eine spannende und vielschichtige Werkschau wartet auf die Besucher!Ich freue mich sehr mit dabei zu sein und zum ersten Mal meine Arbeiten in Steyr [&hellip;]\" \/>\n<meta property=\"og:url\" content=\"https:\/\/www.nepelius.com\/en\/intermezzo-in-steyr-ooe\/\" \/>\n<meta property=\"og:site_name\" content=\"Sigrid Nepelius\" \/>\n<meta property=\"article:publisher\" content=\"https:\/\/www.facebook.com\/sigrid.nepelius.art\" \/>\n<meta property=\"article:author\" content=\"https:\/\/www.facebook.com\/sigrid.nepelius.art\" \/>\n<meta property=\"article:published_time\" content=\"2026-01-17T17:42:36+00:00\" \/>\n<meta property=\"article:modified_time\" content=\"2026-01-17T17:42:38+00:00\" \/>\n<meta property=\"og:image\" content=\"https:\/\/www.nepelius.com\/wp-content\/uploads\/Plakat_Steyr2026.jpg\" \/>\n\t<meta property=\"og:image:width\" content=\"744\" \/>\n\t<meta property=\"og:image:height\" content=\"1052\" \/>\n\t<meta property=\"og:image:type\" content=\"image\/jpeg\" \/>\n<meta name=\"author\" content=\"Sigrid\" \/>\n<meta name=\"twitter:card\" content=\"summary_large_image\" \/>\n<meta name=\"twitter:label1\" content=\"Written by\" \/>\n\t<meta name=\"twitter:data1\" content=\"Sigrid\" \/>\n\t<meta name=\"twitter:label2\" content=\"Estimated reading time\" \/>\n\t<meta name=\"twitter:data2\" content=\"1 minute\" \/>\n<script type=\"application\/ld+json\" class=\"yoast-schema-graph\">{\"@context\":\"https:\\\/\\\/schema.org\",\"@graph\":[{\"@type\":\"Article\",\"@id\":\"https:\\\/\\\/www.nepelius.com\\\/intermezzo-in-steyr-ooe\\\/#article\",\"isPartOf\":{\"@id\":\"https:\\\/\\\/www.nepelius.com\\\/intermezzo-in-steyr-ooe\\\/\"},\"author\":{\"name\":\"Sigrid\",\"@id\":\"https:\\\/\\\/www.nepelius.com\\\/#\\\/schema\\\/person\\\/fb48383c87e305a8d2bbad4aef3524eb\"},\"headline\":\"&#8220;Intermezzo&#8221; in Steyr (O\u00d6)\",\"datePublished\":\"2026-01-17T17:42:36+00:00\",\"dateModified\":\"2026-01-17T17:42:38+00:00\",\"mainEntityOfPage\":{\"@id\":\"https:\\\/\\\/www.nepelius.com\\\/intermezzo-in-steyr-ooe\\\/\"},\"wordCount\":88,\"publisher\":{\"@id\":\"https:\\\/\\\/www.nepelius.com\\\/#\\\/schema\\\/person\\\/fb48383c87e305a8d2bbad4aef3524eb\"},\"image\":{\"@id\":\"https:\\\/\\\/www.nepelius.com\\\/intermezzo-in-steyr-ooe\\\/#primaryimage\"},\"thumbnailUrl\":\"https:\\\/\\\/www.nepelius.com\\\/wp-content\\\/uploads\\\/Plakat_Steyr2026.jpg\",\"keywords\":[\"2026\",\"Ausstellung\",\"Europ\u00e4ischer Kunstkreis\",\"Intermezzo\",\"Ober\u00f6sterreich\",\"\u00d6sterreich\",\"Schlossgalerie Steyr\",\"Sigrid Nepelius\",\"Steyr\",\"Vernissage\"],\"articleSection\":[\"Aktuelles\"],\"inLanguage\":\"en-GB\"},{\"@type\":\"WebPage\",\"@id\":\"https:\\\/\\\/www.nepelius.com\\\/intermezzo-in-steyr-ooe\\\/\",\"url\":\"https:\\\/\\\/www.nepelius.com\\\/intermezzo-in-steyr-ooe\\\/\",\"name\":\"\\\"Intermezzo\\\" in Steyr (O\u00d6) - Sigrid Nepelius\",\"isPartOf\":{\"@id\":\"https:\\\/\\\/www.nepelius.com\\\/#website\"},\"primaryImageOfPage\":{\"@id\":\"https:\\\/\\\/www.nepelius.com\\\/intermezzo-in-steyr-ooe\\\/#primaryimage\"},\"image\":{\"@id\":\"https:\\\/\\\/www.nepelius.com\\\/intermezzo-in-steyr-ooe\\\/#primaryimage\"},\"thumbnailUrl\":\"https:\\\/\\\/www.nepelius.com\\\/wp-content\\\/uploads\\\/Plakat_Steyr2026.jpg\",\"datePublished\":\"2026-01-17T17:42:36+00:00\",\"dateModified\":\"2026-01-17T17:42:38+00:00\",\"breadcrumb\":{\"@id\":\"https:\\\/\\\/www.nepelius.com\\\/intermezzo-in-steyr-ooe\\\/#breadcrumb\"},\"inLanguage\":\"en-GB\",\"potentialAction\":[{\"@type\":\"ReadAction\",\"target\":[\"https:\\\/\\\/www.nepelius.com\\\/intermezzo-in-steyr-ooe\\\/\"]}]},{\"@type\":\"ImageObject\",\"inLanguage\":\"en-GB\",\"@id\":\"https:\\\/\\\/www.nepelius.com\\\/intermezzo-in-steyr-ooe\\\/#primaryimage\",\"url\":\"https:\\\/\\\/www.nepelius.com\\\/wp-content\\\/uploads\\\/Plakat_Steyr2026.jpg\",\"contentUrl\":\"https:\\\/\\\/www.nepelius.com\\\/wp-content\\\/uploads\\\/Plakat_Steyr2026.jpg\",\"width\":744,\"height\":1052},{\"@type\":\"BreadcrumbList\",\"@id\":\"https:\\\/\\\/www.nepelius.com\\\/intermezzo-in-steyr-ooe\\\/#breadcrumb\",\"itemListElement\":[{\"@type\":\"ListItem\",\"position\":1,\"name\":\"Startseite\",\"item\":\"https:\\\/\\\/www.nepelius.com\\\/\"},{\"@type\":\"ListItem\",\"position\":2,\"name\":\"&#8220;Intermezzo&#8221; in Steyr (O\u00d6)\"}]},{\"@type\":\"WebSite\",\"@id\":\"https:\\\/\\\/www.nepelius.com\\\/#website\",\"url\":\"https:\\\/\\\/www.nepelius.com\\\/\",\"name\":\"Sigrid Nepelius\",\"description\":\"Fine Art\",\"publisher\":{\"@id\":\"https:\\\/\\\/www.nepelius.com\\\/#\\\/schema\\\/person\\\/fb48383c87e305a8d2bbad4aef3524eb\"},\"potentialAction\":[{\"@type\":\"SearchAction\",\"target\":{\"@type\":\"EntryPoint\",\"urlTemplate\":\"https:\\\/\\\/www.nepelius.com\\\/?s={search_term_string}\"},\"query-input\":{\"@type\":\"PropertyValueSpecification\",\"valueRequired\":true,\"valueName\":\"search_term_string\"}}],\"inLanguage\":\"en-GB\"},{\"@type\":[\"Person\",\"Organization\"],\"@id\":\"https:\\\/\\\/www.nepelius.com\\\/#\\\/schema\\\/person\\\/fb48383c87e305a8d2bbad4aef3524eb\",\"name\":\"Sigrid\",\"image\":{\"@type\":\"ImageObject\",\"inLanguage\":\"en-GB\",\"@id\":\"https:\\\/\\\/www.nepelius.com\\\/wp-content\\\/uploads\\\/cropped-header_neu-1.jpg\",\"url\":\"https:\\\/\\\/www.nepelius.com\\\/wp-content\\\/uploads\\\/cropped-header_neu-1.jpg\",\"contentUrl\":\"https:\\\/\\\/www.nepelius.com\\\/wp-content\\\/uploads\\\/cropped-header_neu-1.jpg\",\"width\":1500,\"height\":224,\"caption\":\"Sigrid\"},\"logo\":{\"@id\":\"https:\\\/\\\/www.nepelius.com\\\/wp-content\\\/uploads\\\/cropped-header_neu-1.jpg\"},\"sameAs\":[\"https:\\\/\\\/www.facebook.com\\\/sigrid.nepelius.art\",\"https:\\\/\\\/www.instagram.com\\\/sigridnepeliusart\\\/\",\"https:\\\/\\\/www.pinterest.at\\\/sigridnepelius\\\/\"],\"url\":\"https:\\\/\\\/www.nepelius.com\\\/en\\\/author\\\/sigi\\\/\"}]}<\/script>\n<!-- \/ Yoast SEO plugin. -->","yoast_head_json":{"title":"\"Intermezzo\" in Steyr (O\u00d6) - Sigrid Nepelius","robots":{"index":"index","follow":"follow","max-snippet":"max-snippet:-1","max-image-preview":"max-image-preview:large","max-video-preview":"max-video-preview:-1"},"canonical":"https:\/\/www.nepelius.com\/en\/intermezzo-in-steyr-ooe\/","og_locale":"en_GB","og_type":"article","og_title":"\"Intermezzo\" in Steyr (O\u00d6) - Sigrid Nepelius","og_description":"Die erste Ausstellung 2026 f\u00fchrt mich und meine magischen Tierwesen ins wundersch\u00f6ne Ambiente der Schlossgalerie Steyr (Schloss Lamberg). In dieser Gruppenausstellung zeigen 17 K\u00fcnstlerinnen und K\u00fcnstler des Europ\u00e4ischen Kunstkreises ihre Arbeiten. Eine spannende und vielschichtige Werkschau wartet auf die Besucher!Ich freue mich sehr mit dabei zu sein und zum ersten Mal meine Arbeiten in Steyr [&hellip;]","og_url":"https:\/\/www.nepelius.com\/en\/intermezzo-in-steyr-ooe\/","og_site_name":"Sigrid Nepelius","article_publisher":"https:\/\/www.facebook.com\/sigrid.nepelius.art","article_author":"https:\/\/www.facebook.com\/sigrid.nepelius.art","article_published_time":"2026-01-17T17:42:36+00:00","article_modified_time":"2026-01-17T17:42:38+00:00","og_image":[{"width":744,"height":1052,"url":"https:\/\/www.nepelius.com\/wp-content\/uploads\/Plakat_Steyr2026.jpg","type":"image\/jpeg"}],"author":"Sigrid","twitter_card":"summary_large_image","twitter_misc":{"Written by":"Sigrid","Estimated reading time":"1 minute"},"schema":{"@context":"https:\/\/schema.org","@graph":[{"@type":"Article","@id":"https:\/\/www.nepelius.com\/intermezzo-in-steyr-ooe\/#article","isPartOf":{"@id":"https:\/\/www.nepelius.com\/intermezzo-in-steyr-ooe\/"},"author":{"name":"Sigrid","@id":"https:\/\/www.nepelius.com\/#\/schema\/person\/fb48383c87e305a8d2bbad4aef3524eb"},"headline":"&#8220;Intermezzo&#8221; in Steyr (O\u00d6)","datePublished":"2026-01-17T17:42:36+00:00","dateModified":"2026-01-17T17:42:38+00:00","mainEntityOfPage":{"@id":"https:\/\/www.nepelius.com\/intermezzo-in-steyr-ooe\/"},"wordCount":88,"publisher":{"@id":"https:\/\/www.nepelius.com\/#\/schema\/person\/fb48383c87e305a8d2bbad4aef3524eb"},"image":{"@id":"https:\/\/www.nepelius.com\/intermezzo-in-steyr-ooe\/#primaryimage"},"thumbnailUrl":"https:\/\/www.nepelius.com\/wp-content\/uploads\/Plakat_Steyr2026.jpg","keywords":["2026","Ausstellung","Europ\u00e4ischer Kunstkreis","Intermezzo","Ober\u00f6sterreich","\u00d6sterreich","Schlossgalerie Steyr","Sigrid Nepelius","Steyr","Vernissage"],"articleSection":["Aktuelles"],"inLanguage":"en-GB"},{"@type":"WebPage","@id":"https:\/\/www.nepelius.com\/intermezzo-in-steyr-ooe\/","url":"https:\/\/www.nepelius.com\/intermezzo-in-steyr-ooe\/","name":"\"Intermezzo\" in Steyr (O\u00d6) - Sigrid Nepelius","isPartOf":{"@id":"https:\/\/www.nepelius.com\/#website"},"primaryImageOfPage":{"@id":"https:\/\/www.nepelius.com\/intermezzo-in-steyr-ooe\/#primaryimage"},"image":{"@id":"https:\/\/www.nepelius.com\/intermezzo-in-steyr-ooe\/#primaryimage"},"thumbnailUrl":"https:\/\/www.nepelius.com\/wp-content\/uploads\/Plakat_Steyr2026.jpg","datePublished":"2026-01-17T17:42:36+00:00","dateModified":"2026-01-17T17:42:38+00:00","breadcrumb":{"@id":"https:\/\/www.nepelius.com\/intermezzo-in-steyr-ooe\/#breadcrumb"},"inLanguage":"en-GB","potentialAction":[{"@type":"ReadAction","target":["https:\/\/www.nepelius.com\/intermezzo-in-steyr-ooe\/"]}]},{"@type":"ImageObject","inLanguage":"en-GB","@id":"https:\/\/www.nepelius.com\/intermezzo-in-steyr-ooe\/#primaryimage","url":"https:\/\/www.nepelius.com\/wp-content\/uploads\/Plakat_Steyr2026.jpg","contentUrl":"https:\/\/www.nepelius.com\/wp-content\/uploads\/Plakat_Steyr2026.jpg","width":744,"height":1052},{"@type":"BreadcrumbList","@id":"https:\/\/www.nepelius.com\/intermezzo-in-steyr-ooe\/#breadcrumb","itemListElement":[{"@type":"ListItem","position":1,"name":"Startseite","item":"https:\/\/www.nepelius.com\/"},{"@type":"ListItem","position":2,"name":"&#8220;Intermezzo&#8221; in Steyr (O\u00d6)"}]},{"@type":"WebSite","@id":"https:\/\/www.nepelius.com\/#website","url":"https:\/\/www.nepelius.com\/","name":"Sigrid Nepelius","description":"Fine Art","publisher":{"@id":"https:\/\/www.nepelius.com\/#\/schema\/person\/fb48383c87e305a8d2bbad4aef3524eb"},"potentialAction":[{"@type":"SearchAction","target":{"@type":"EntryPoint","urlTemplate":"https:\/\/www.nepelius.com\/?s={search_term_string}"},"query-input":{"@type":"PropertyValueSpecification","valueRequired":true,"valueName":"search_term_string"}}],"inLanguage":"en-GB"},{"@type":["Person","Organization"],"@id":"https:\/\/www.nepelius.com\/#\/schema\/person\/fb48383c87e305a8d2bbad4aef3524eb","name":"Sigrid","image":{"@type":"ImageObject","inLanguage":"en-GB","@id":"https:\/\/www.nepelius.com\/wp-content\/uploads\/cropped-header_neu-1.jpg","url":"https:\/\/www.nepelius.com\/wp-content\/uploads\/cropped-header_neu-1.jpg","contentUrl":"https:\/\/www.nepelius.com\/wp-content\/uploads\/cropped-header_neu-1.jpg","width":1500,"height":224,"caption":"Sigrid"},"logo":{"@id":"https:\/\/www.nepelius.com\/wp-content\/uploads\/cropped-header_neu-1.jpg"},"sameAs":["https:\/\/www.facebook.com\/sigrid.nepelius.art","https:\/\/www.instagram.com\/sigridnepeliusart\/","https:\/\/www.pinterest.at\/sigridnepelius\/"],"url":"https:\/\/www.nepelius.com\/en\/author\/sigi\/"}]}},"_links":{"self":[{"href":"https:\/\/www.nepelius.com\/en\/wp-json\/wp\/v2\/posts\/5379","targetHints":{"allow":["GET"]}}],"collection":[{"href":"https:\/\/www.nepelius.com\/en\/wp-json\/wp\/v2\/posts"}],"about":[{"href":"https:\/\/www.nepelius.com\/en\/wp-json\/wp\/v2\/types\/post"}],"author":[{"embeddable":true,"href":"https:\/\/www.nepelius.com\/en\/wp-json\/wp\/v2\/users\/2"}],"replies":[{"embeddable":true,"href":"https:\/\/www.nepelius.com\/en\/wp-json\/wp\/v2\/comments?post=5379"}],"version-history":[{"count":1,"href":"https:\/\/www.nepelius.com\/en\/wp-json\/wp\/v2\/posts\/5379\/revisions"}],"predecessor-version":[{"id":5381,"href":"https:\/\/www.nepelius.com\/en\/wp-json\/wp\/v2\/posts\/5379\/revisions\/5381"}],"wp:featuredmedia":[{"embeddable":true,"href":"https:\/\/www.nepelius.com\/en\/wp-json\/wp\/v2\/media\/5380"}],"wp:attachment":[{"href":"https:\/\/www.nepelius.com\/en\/wp-json\/wp\/v2\/media?parent=5379"}],"wp:term":[{"taxonomy":"category","embeddable":true,"href":"https:\/\/www.nepelius.com\/en\/wp-json\/wp\/v2\/categories?post=5379"},{"taxonomy":"post_tag","embeddable":true,"href":"https:\/\/www.nepelius.com\/en\/wp-json\/wp\/v2\/tags?post=5379"}],"curies":[{"name":"wp","href":"https:\/\/api.w.org\/{rel}","templated":true}]}}