{"id":5387,"date":"2026-02-17T21:26:03","date_gmt":"2026-02-17T20:26:03","guid":{"rendered":"https:\/\/www.nepelius.com\/?p=5387"},"modified":"2026-02-17T21:26:05","modified_gmt":"2026-02-17T20:26:05","slug":"wunderwelt-in-aschbach-noe","status":"publish","type":"post","link":"https:\/\/www.nepelius.com\/en\/wunderwelt-in-aschbach-noe\/","title":{"rendered":"\u201cWonderland\u201d in Aschbach (Lower Austria)"},"content":{"rendered":"<p>One of the highlights of this year for me is the solo exhibition WUNDERWELT (WONDER WORLD) at the <a href=\"http:\/\/www.mildwild.at\">Marktst\u00e4tte MildWild<\/a> in Aschbach (N\u00d6).<\/p>\n\n\n\n<p>I am delighted to be able to exhibit my works in this special location, which perfectly matches my values and also my magical creatures.<br>Spoiler: As part of this exhibition, the new arrivals from my new series FR\u00d6HLICHE ERNTEZEIT (HAPPY HARVEST TIME) will make their first public appearance. <\/p>\n\n\n\n<p>The opening reception on March 25 will be held under the motto KUNSTSCHMAUS (art feast) and will be both an artistic and a culinary experience. On this evening, a fine dish \u00e0 la MildWild will be offered, which can be purchased and enjoyed on site. This deliberately creates space for art, exchange, and culinary togetherness.<\/p>\n\n\n\n<p><strong>Opening:<\/strong> March 25, 2026, 6:30 p.m., MildWild<br><strong>Duration:<\/strong> March 26 to May 31, 2026<br><strong>Opening hours:<\/strong> Wed\u2013Fri 10:00 a.m. to 6:00 p.m., Sat + Sun 10:00 a.m. to 1:00 p.m.<\/p>","protected":false},"excerpt":{"rendered":"<p>Eines der Highlights dieses Jahres ist f\u00fcr mich die Solo-Ausstellung WUNDERWELT in der Marktst\u00e4tte MildWild in Aschbach (N\u00d6). Ich freue mich sehr, meine Werke in dieser besonderen Location zu zeigen, die perfekt zu meinen Werten und auch zu meinen magischen Wesen passt.Spoiler: Im Rahmen dieser Ausstellung haben die Neuank\u00f6mmlinge aus meiner neuen Serie FR\u00d6HLICHE ERNTEZEIT [&hellip;]<\/p>\n","protected":false},"author":2,"featured_media":5388,"comment_status":"closed","ping_status":"closed","sticky":false,"template":"","format":"standard","meta":{"zakra_page_container_layout":"customizer","zakra_page_sidebar_layout":"customizer","zakra_remove_content_margin":false,"zakra_sidebar":"customizer","zakra_transparent_header":"customizer","zakra_logo":0,"zakra_main_header_style":"default","zakra_menu_item_color":"","zakra_menu_item_hover_color":"","zakra_menu_item_active_color":"","zakra_menu_active_style":"","zakra_page_header":true,"footnotes":""},"categories":[1],"tags":[],"class_list":["post-5387","post","type-post","status-publish","format-standard","has-post-thumbnail","hentry","category-aktuelles"],"yoast_head":"<!-- This site is optimized with the Yoast SEO plugin v27.4 - https:\/\/yoast.com\/product\/yoast-seo-wordpress\/ -->\n<title>&quot;Wunderwelt&quot; in Aschbach (N\u00d6) - Sigrid Nepelius<\/title>\n<meta name=\"robots\" content=\"index, follow, max-snippet:-1, max-image-preview:large, max-video-preview:-1\" \/>\n<link rel=\"canonical\" href=\"https:\/\/www.nepelius.com\/en\/wunderwelt-in-aschbach-noe\/\" \/>\n<meta property=\"og:locale\" content=\"en_GB\" \/>\n<meta property=\"og:type\" content=\"article\" \/>\n<meta property=\"og:title\" content=\"&quot;Wunderwelt&quot; in Aschbach (N\u00d6) - Sigrid Nepelius\" \/>\n<meta property=\"og:description\" content=\"Eines der Highlights dieses Jahres ist f\u00fcr mich die Solo-Ausstellung WUNDERWELT in der Marktst\u00e4tte MildWild in Aschbach (N\u00d6). Ich freue mich sehr, meine Werke in dieser besonderen Location zu zeigen, die perfekt zu meinen Werten und auch zu meinen magischen Wesen passt.Spoiler: Im Rahmen dieser Ausstellung haben die Neuank\u00f6mmlinge aus meiner neuen Serie FR\u00d6HLICHE ERNTEZEIT [&hellip;]\" \/>\n<meta property=\"og:url\" content=\"https:\/\/www.nepelius.com\/en\/wunderwelt-in-aschbach-noe\/\" \/>\n<meta property=\"og:site_name\" content=\"Sigrid Nepelius\" \/>\n<meta property=\"article:publisher\" content=\"https:\/\/www.facebook.com\/sigrid.nepelius.art\" \/>\n<meta property=\"article:author\" content=\"https:\/\/www.facebook.com\/sigrid.nepelius.art\" \/>\n<meta property=\"article:published_time\" content=\"2026-02-17T20:26:03+00:00\" \/>\n<meta property=\"article:modified_time\" content=\"2026-02-17T20:26:05+00:00\" \/>\n<meta property=\"og:image\" content=\"https:\/\/www.nepelius.com\/wp-content\/uploads\/Einladung-Wunderwelt.jpg\" \/>\n\t<meta property=\"og:image:width\" content=\"1414\" \/>\n\t<meta property=\"og:image:height\" content=\"2000\" \/>\n\t<meta property=\"og:image:type\" content=\"image\/jpeg\" \/>\n<meta name=\"author\" content=\"Sigrid\" \/>\n<meta name=\"twitter:card\" content=\"summary_large_image\" \/>\n<meta name=\"twitter:label1\" content=\"Written by\" \/>\n\t<meta name=\"twitter:data1\" content=\"Sigrid\" \/>\n\t<meta name=\"twitter:label2\" content=\"Estimated reading time\" \/>\n\t<meta name=\"twitter:data2\" content=\"1 minute\" \/>\n<script type=\"application\/ld+json\" class=\"yoast-schema-graph\">{\"@context\":\"https:\\\/\\\/schema.org\",\"@graph\":[{\"@type\":\"Article\",\"@id\":\"https:\\\/\\\/www.nepelius.com\\\/wunderwelt-in-aschbach-noe\\\/#article\",\"isPartOf\":{\"@id\":\"https:\\\/\\\/www.nepelius.com\\\/wunderwelt-in-aschbach-noe\\\/\"},\"author\":{\"name\":\"Sigrid\",\"@id\":\"https:\\\/\\\/www.nepelius.com\\\/#\\\/schema\\\/person\\\/fb48383c87e305a8d2bbad4aef3524eb\"},\"headline\":\"&#8220;Wunderwelt&#8221; in Aschbach (N\u00d6)\",\"datePublished\":\"2026-02-17T20:26:03+00:00\",\"dateModified\":\"2026-02-17T20:26:05+00:00\",\"mainEntityOfPage\":{\"@id\":\"https:\\\/\\\/www.nepelius.com\\\/wunderwelt-in-aschbach-noe\\\/\"},\"wordCount\":133,\"publisher\":{\"@id\":\"https:\\\/\\\/www.nepelius.com\\\/#\\\/schema\\\/person\\\/fb48383c87e305a8d2bbad4aef3524eb\"},\"image\":{\"@id\":\"https:\\\/\\\/www.nepelius.com\\\/wunderwelt-in-aschbach-noe\\\/#primaryimage\"},\"thumbnailUrl\":\"https:\\\/\\\/www.nepelius.com\\\/wp-content\\\/uploads\\\/Einladung-Wunderwelt.jpg\",\"articleSection\":[\"Aktuelles\"],\"inLanguage\":\"en-GB\"},{\"@type\":\"WebPage\",\"@id\":\"https:\\\/\\\/www.nepelius.com\\\/wunderwelt-in-aschbach-noe\\\/\",\"url\":\"https:\\\/\\\/www.nepelius.com\\\/wunderwelt-in-aschbach-noe\\\/\",\"name\":\"\\\"Wunderwelt\\\" in Aschbach (N\u00d6) - Sigrid Nepelius\",\"isPartOf\":{\"@id\":\"https:\\\/\\\/www.nepelius.com\\\/#website\"},\"primaryImageOfPage\":{\"@id\":\"https:\\\/\\\/www.nepelius.com\\\/wunderwelt-in-aschbach-noe\\\/#primaryimage\"},\"image\":{\"@id\":\"https:\\\/\\\/www.nepelius.com\\\/wunderwelt-in-aschbach-noe\\\/#primaryimage\"},\"thumbnailUrl\":\"https:\\\/\\\/www.nepelius.com\\\/wp-content\\\/uploads\\\/Einladung-Wunderwelt.jpg\",\"datePublished\":\"2026-02-17T20:26:03+00:00\",\"dateModified\":\"2026-02-17T20:26:05+00:00\",\"breadcrumb\":{\"@id\":\"https:\\\/\\\/www.nepelius.com\\\/wunderwelt-in-aschbach-noe\\\/#breadcrumb\"},\"inLanguage\":\"en-GB\",\"potentialAction\":[{\"@type\":\"ReadAction\",\"target\":[\"https:\\\/\\\/www.nepelius.com\\\/wunderwelt-in-aschbach-noe\\\/\"]}]},{\"@type\":\"ImageObject\",\"inLanguage\":\"en-GB\",\"@id\":\"https:\\\/\\\/www.nepelius.com\\\/wunderwelt-in-aschbach-noe\\\/#primaryimage\",\"url\":\"https:\\\/\\\/www.nepelius.com\\\/wp-content\\\/uploads\\\/Einladung-Wunderwelt.jpg\",\"contentUrl\":\"https:\\\/\\\/www.nepelius.com\\\/wp-content\\\/uploads\\\/Einladung-Wunderwelt.jpg\",\"width\":1414,\"height\":2000},{\"@type\":\"BreadcrumbList\",\"@id\":\"https:\\\/\\\/www.nepelius.com\\\/wunderwelt-in-aschbach-noe\\\/#breadcrumb\",\"itemListElement\":[{\"@type\":\"ListItem\",\"position\":1,\"name\":\"Startseite\",\"item\":\"https:\\\/\\\/www.nepelius.com\\\/\"},{\"@type\":\"ListItem\",\"position\":2,\"name\":\"&#8220;Wunderwelt&#8221; in Aschbach (N\u00d6)\"}]},{\"@type\":\"WebSite\",\"@id\":\"https:\\\/\\\/www.nepelius.com\\\/#website\",\"url\":\"https:\\\/\\\/www.nepelius.com\\\/\",\"name\":\"Sigrid Nepelius\",\"description\":\"Fine Art\",\"publisher\":{\"@id\":\"https:\\\/\\\/www.nepelius.com\\\/#\\\/schema\\\/person\\\/fb48383c87e305a8d2bbad4aef3524eb\"},\"potentialAction\":[{\"@type\":\"SearchAction\",\"target\":{\"@type\":\"EntryPoint\",\"urlTemplate\":\"https:\\\/\\\/www.nepelius.com\\\/?s={search_term_string}\"},\"query-input\":{\"@type\":\"PropertyValueSpecification\",\"valueRequired\":true,\"valueName\":\"search_term_string\"}}],\"inLanguage\":\"en-GB\"},{\"@type\":[\"Person\",\"Organization\"],\"@id\":\"https:\\\/\\\/www.nepelius.com\\\/#\\\/schema\\\/person\\\/fb48383c87e305a8d2bbad4aef3524eb\",\"name\":\"Sigrid\",\"image\":{\"@type\":\"ImageObject\",\"inLanguage\":\"en-GB\",\"@id\":\"https:\\\/\\\/www.nepelius.com\\\/wp-content\\\/uploads\\\/cropped-header_neu-1.jpg\",\"url\":\"https:\\\/\\\/www.nepelius.com\\\/wp-content\\\/uploads\\\/cropped-header_neu-1.jpg\",\"contentUrl\":\"https:\\\/\\\/www.nepelius.com\\\/wp-content\\\/uploads\\\/cropped-header_neu-1.jpg\",\"width\":1500,\"height\":224,\"caption\":\"Sigrid\"},\"logo\":{\"@id\":\"https:\\\/\\\/www.nepelius.com\\\/wp-content\\\/uploads\\\/cropped-header_neu-1.jpg\"},\"sameAs\":[\"https:\\\/\\\/www.facebook.com\\\/sigrid.nepelius.art\",\"https:\\\/\\\/www.instagram.com\\\/sigridnepeliusart\\\/\",\"https:\\\/\\\/www.pinterest.at\\\/sigridnepelius\\\/\"],\"url\":\"https:\\\/\\\/www.nepelius.com\\\/en\\\/author\\\/sigi\\\/\"}]}<\/script>\n<!-- \/ Yoast SEO plugin. -->","yoast_head_json":{"title":"\"Wunderwelt\" in Aschbach (N\u00d6) - Sigrid Nepelius","robots":{"index":"index","follow":"follow","max-snippet":"max-snippet:-1","max-image-preview":"max-image-preview:large","max-video-preview":"max-video-preview:-1"},"canonical":"https:\/\/www.nepelius.com\/en\/wunderwelt-in-aschbach-noe\/","og_locale":"en_GB","og_type":"article","og_title":"\"Wunderwelt\" in Aschbach (N\u00d6) - Sigrid Nepelius","og_description":"Eines der Highlights dieses Jahres ist f\u00fcr mich die Solo-Ausstellung WUNDERWELT in der Marktst\u00e4tte MildWild in Aschbach (N\u00d6). Ich freue mich sehr, meine Werke in dieser besonderen Location zu zeigen, die perfekt zu meinen Werten und auch zu meinen magischen Wesen passt.Spoiler: Im Rahmen dieser Ausstellung haben die Neuank\u00f6mmlinge aus meiner neuen Serie FR\u00d6HLICHE ERNTEZEIT [&hellip;]","og_url":"https:\/\/www.nepelius.com\/en\/wunderwelt-in-aschbach-noe\/","og_site_name":"Sigrid Nepelius","article_publisher":"https:\/\/www.facebook.com\/sigrid.nepelius.art","article_author":"https:\/\/www.facebook.com\/sigrid.nepelius.art","article_published_time":"2026-02-17T20:26:03+00:00","article_modified_time":"2026-02-17T20:26:05+00:00","og_image":[{"width":1414,"height":2000,"url":"https:\/\/www.nepelius.com\/wp-content\/uploads\/Einladung-Wunderwelt.jpg","type":"image\/jpeg"}],"author":"Sigrid","twitter_card":"summary_large_image","twitter_misc":{"Written by":"Sigrid","Estimated reading time":"1 minute"},"schema":{"@context":"https:\/\/schema.org","@graph":[{"@type":"Article","@id":"https:\/\/www.nepelius.com\/wunderwelt-in-aschbach-noe\/#article","isPartOf":{"@id":"https:\/\/www.nepelius.com\/wunderwelt-in-aschbach-noe\/"},"author":{"name":"Sigrid","@id":"https:\/\/www.nepelius.com\/#\/schema\/person\/fb48383c87e305a8d2bbad4aef3524eb"},"headline":"&#8220;Wunderwelt&#8221; in Aschbach (N\u00d6)","datePublished":"2026-02-17T20:26:03+00:00","dateModified":"2026-02-17T20:26:05+00:00","mainEntityOfPage":{"@id":"https:\/\/www.nepelius.com\/wunderwelt-in-aschbach-noe\/"},"wordCount":133,"publisher":{"@id":"https:\/\/www.nepelius.com\/#\/schema\/person\/fb48383c87e305a8d2bbad4aef3524eb"},"image":{"@id":"https:\/\/www.nepelius.com\/wunderwelt-in-aschbach-noe\/#primaryimage"},"thumbnailUrl":"https:\/\/www.nepelius.com\/wp-content\/uploads\/Einladung-Wunderwelt.jpg","articleSection":["Aktuelles"],"inLanguage":"en-GB"},{"@type":"WebPage","@id":"https:\/\/www.nepelius.com\/wunderwelt-in-aschbach-noe\/","url":"https:\/\/www.nepelius.com\/wunderwelt-in-aschbach-noe\/","name":"\"Wunderwelt\" in Aschbach (N\u00d6) - Sigrid Nepelius","isPartOf":{"@id":"https:\/\/www.nepelius.com\/#website"},"primaryImageOfPage":{"@id":"https:\/\/www.nepelius.com\/wunderwelt-in-aschbach-noe\/#primaryimage"},"image":{"@id":"https:\/\/www.nepelius.com\/wunderwelt-in-aschbach-noe\/#primaryimage"},"thumbnailUrl":"https:\/\/www.nepelius.com\/wp-content\/uploads\/Einladung-Wunderwelt.jpg","datePublished":"2026-02-17T20:26:03+00:00","dateModified":"2026-02-17T20:26:05+00:00","breadcrumb":{"@id":"https:\/\/www.nepelius.com\/wunderwelt-in-aschbach-noe\/#breadcrumb"},"inLanguage":"en-GB","potentialAction":[{"@type":"ReadAction","target":["https:\/\/www.nepelius.com\/wunderwelt-in-aschbach-noe\/"]}]},{"@type":"ImageObject","inLanguage":"en-GB","@id":"https:\/\/www.nepelius.com\/wunderwelt-in-aschbach-noe\/#primaryimage","url":"https:\/\/www.nepelius.com\/wp-content\/uploads\/Einladung-Wunderwelt.jpg","contentUrl":"https:\/\/www.nepelius.com\/wp-content\/uploads\/Einladung-Wunderwelt.jpg","width":1414,"height":2000},{"@type":"BreadcrumbList","@id":"https:\/\/www.nepelius.com\/wunderwelt-in-aschbach-noe\/#breadcrumb","itemListElement":[{"@type":"ListItem","position":1,"name":"Startseite","item":"https:\/\/www.nepelius.com\/"},{"@type":"ListItem","position":2,"name":"&#8220;Wunderwelt&#8221; in Aschbach (N\u00d6)"}]},{"@type":"WebSite","@id":"https:\/\/www.nepelius.com\/#website","url":"https:\/\/www.nepelius.com\/","name":"Sigrid Nepelius","description":"Fine Art","publisher":{"@id":"https:\/\/www.nepelius.com\/#\/schema\/person\/fb48383c87e305a8d2bbad4aef3524eb"},"potentialAction":[{"@type":"SearchAction","target":{"@type":"EntryPoint","urlTemplate":"https:\/\/www.nepelius.com\/?s={search_term_string}"},"query-input":{"@type":"PropertyValueSpecification","valueRequired":true,"valueName":"search_term_string"}}],"inLanguage":"en-GB"},{"@type":["Person","Organization"],"@id":"https:\/\/www.nepelius.com\/#\/schema\/person\/fb48383c87e305a8d2bbad4aef3524eb","name":"Sigrid","image":{"@type":"ImageObject","inLanguage":"en-GB","@id":"https:\/\/www.nepelius.com\/wp-content\/uploads\/cropped-header_neu-1.jpg","url":"https:\/\/www.nepelius.com\/wp-content\/uploads\/cropped-header_neu-1.jpg","contentUrl":"https:\/\/www.nepelius.com\/wp-content\/uploads\/cropped-header_neu-1.jpg","width":1500,"height":224,"caption":"Sigrid"},"logo":{"@id":"https:\/\/www.nepelius.com\/wp-content\/uploads\/cropped-header_neu-1.jpg"},"sameAs":["https:\/\/www.facebook.com\/sigrid.nepelius.art","https:\/\/www.instagram.com\/sigridnepeliusart\/","https:\/\/www.pinterest.at\/sigridnepelius\/"],"url":"https:\/\/www.nepelius.com\/en\/author\/sigi\/"}]}},"_links":{"self":[{"href":"https:\/\/www.nepelius.com\/en\/wp-json\/wp\/v2\/posts\/5387","targetHints":{"allow":["GET"]}}],"collection":[{"href":"https:\/\/www.nepelius.com\/en\/wp-json\/wp\/v2\/posts"}],"about":[{"href":"https:\/\/www.nepelius.com\/en\/wp-json\/wp\/v2\/types\/post"}],"author":[{"embeddable":true,"href":"https:\/\/www.nepelius.com\/en\/wp-json\/wp\/v2\/users\/2"}],"replies":[{"embeddable":true,"href":"https:\/\/www.nepelius.com\/en\/wp-json\/wp\/v2\/comments?post=5387"}],"version-history":[{"count":1,"href":"https:\/\/www.nepelius.com\/en\/wp-json\/wp\/v2\/posts\/5387\/revisions"}],"predecessor-version":[{"id":5389,"href":"https:\/\/www.nepelius.com\/en\/wp-json\/wp\/v2\/posts\/5387\/revisions\/5389"}],"wp:featuredmedia":[{"embeddable":true,"href":"https:\/\/www.nepelius.com\/en\/wp-json\/wp\/v2\/media\/5388"}],"wp:attachment":[{"href":"https:\/\/www.nepelius.com\/en\/wp-json\/wp\/v2\/media?parent=5387"}],"wp:term":[{"taxonomy":"category","embeddable":true,"href":"https:\/\/www.nepelius.com\/en\/wp-json\/wp\/v2\/categories?post=5387"},{"taxonomy":"post_tag","embeddable":true,"href":"https:\/\/www.nepelius.com\/en\/wp-json\/wp\/v2\/tags?post=5387"}],"curies":[{"name":"wp","href":"https:\/\/api.w.org\/{rel}","templated":true}]}}